{"id":11571,"date":"2026-04-25T20:24:57","date_gmt":"2026-04-25T18:24:57","guid":{"rendered":"https:\/\/sites.ffkarate.fr\/normandie\/?p=11571"},"modified":"2026-04-25T20:27:23","modified_gmt":"2026-04-25T18:27:23","slug":"championnats-deurope-seniors","status":"publish","type":"post","link":"https:\/\/sites.ffkarate.fr\/normandie\/2026\/04\/25\/championnats-deurope-seniors\/","title":{"rendered":"CHAMPIONNATS D\\&rsquo;EUROPE SENIORS"},"content":{"rendered":"<div class=\"wpb-content-wrapper\"><p>[vc_row][vc_column][vc_column_text]<\/p>\n<div class=\"x14z9mp xat24cr x1lziwak x1vvkbs xtlvy1s x126k92a\">\n<div dir=\"auto\">Deux athl\u00e8tes normands s\u00e9lectionn\u00e9s pour les Championnats d&rsquo;Europe seniors de karat\u00e9 qui se d\u00e9rouleront \u00e0 Francfort (Allemagne) <span class=\"html-span xexx8yu xyri2b x18d9i69 x1c1uobl x1hl2dhg x16tdsg8 x1vvkbs x3nfvp2 x1j61x8r x1fcty0u xdj266r xat24cr xm2jcoa x1mpyi22 xxymvpz xlup9mm x1kky2od\"><img decoding=\"async\" class=\"xz74otr x15mokao x1ga7v0g x16uus16 xbiv7yw\" src=\"https:\/\/static.xx.fbcdn.net\/images\/emoji.php\/v9\/t2\/1\/16\/1f60d.png\" alt=\"\ud83d\ude0d\" width=\"16\" height=\"16\" \/><\/span><\/div>\n<\/div>\n<div class=\"x14z9mp xat24cr x1lziwak x1vvkbs xtlvy1s x126k92a\">\n<div dir=\"auto\">&#8211; Louise CAPET, de <span class=\"html-span xdj266r x14z9mp xat24cr x1lziwak xexx8yu xyri2b x18d9i69 x1c1uobl x1hl2dhg x16tdsg8 x1vvkbs\"><a class=\"x1i10hfl xjbqb8w x1ejq31n x18oe1m7 x1sy0etr xstzfhl x972fbf x10w94by x1qhh985 x14e42zd x9f619 x1ypdohk xt0psk2 x3ct3a4 xdj266r x14z9mp xat24cr x1lziwak xexx8yu xyri2b x18d9i69 x1c1uobl x16tdsg8 x1hl2dhg xggy1nq x1a2a7pz xkrqix3 x1sur9pj x1fey0fg x1s688f\" role=\"link\" href=\"https:\/\/www.facebook.com\/SaintMarcelKarate?__cft__[0]=AZYUvUep0wSkhRxOyl7NBCfKoFW-Htg_33dbQzkbzjgTq0j5N9JX9KYDlKPE3BZoLFfOyKCM7NrfYSxNrKxeq325EQVNQPegva_-V8wY2CkhHBbEAfbs3qwptpfLj0IDY4lVgtJc5_ffREaXnFr405a1bo792VsnS723MatodPPV1OJ64rsCJnQQelMR4LCbk1M&amp;__tn__=-]K-R\" target=\"_blank\" rel=\"noopener\"><span class=\"xt0psk2\"><span class=\"xjp7ctv\">Saint Marcel Karat\u00e9<\/span><\/span><\/a><\/span>, en \u00e9quipe kata,<\/div>\n<div dir=\"auto\">&#8211; Issa LARDJOUM, du <span class=\"html-span xdj266r x14z9mp xat24cr x1lziwak xexx8yu xyri2b x18d9i69 x1c1uobl x1hl2dhg x16tdsg8 x1vvkbs\"><a class=\"x1i10hfl xjbqb8w x1ejq31n x18oe1m7 x1sy0etr xstzfhl x972fbf x10w94by x1qhh985 x14e42zd x9f619 x1ypdohk xt0psk2 x3ct3a4 xdj266r x14z9mp xat24cr x1lziwak xexx8yu xyri2b x18d9i69 x1c1uobl x16tdsg8 x1hl2dhg xggy1nq x1a2a7pz xkrqix3 x1sur9pj x1fey0fg x1s688f\" role=\"link\" href=\"https:\/\/www.facebook.com\/profile.php?id=100031130900217&amp;__cft__[0]=AZYUvUep0wSkhRxOyl7NBCfKoFW-Htg_33dbQzkbzjgTq0j5N9JX9KYDlKPE3BZoLFfOyKCM7NrfYSxNrKxeq325EQVNQPegva_-V8wY2CkhHBbEAfbs3qwptpfLj0IDY4lVgtJc5_ffREaXnFr405a1bo792VsnS723MatodPPV1OJ64rsCJnQQelMR4LCbk1M&amp;__tn__=-]K-R\" target=\"_blank\" rel=\"noopener\"><span class=\"xt0psk2\"><span class=\"xjp7ctv\">SPN KARATE<\/span><\/span><\/a><\/span>, en individuel et en \u00e9quipe combat.<\/div>\n<\/div>\n<div class=\"x14z9mp xat24cr x1lziwak x1vvkbs xtlvy1s x126k92a\">\n<div dir=\"auto\">Nous sommes fiers de vous. La Normandie est bien repr\u00e9sent\u00e9e <span class=\"html-span xexx8yu xyri2b x18d9i69 x1c1uobl x1hl2dhg x16tdsg8 x1vvkbs x3nfvp2 x1j61x8r x1fcty0u xdj266r xat24cr xm2jcoa x1mpyi22 xxymvpz xlup9mm x1kky2od\"><img decoding=\"async\" class=\"xz74otr x15mokao x1ga7v0g x16uus16 xbiv7yw\" src=\"https:\/\/static.xx.fbcdn.net\/images\/emoji.php\/v9\/t58\/1\/16\/1f929.png\" alt=\"\ud83e\udd29\" width=\"16\" height=\"16\" \/><\/span><span class=\"html-span xexx8yu xyri2b x18d9i69 x1c1uobl x1hl2dhg x16tdsg8 x1vvkbs x3nfvp2 x1j61x8r x1fcty0u xdj266r xat24cr xm2jcoa x1mpyi22 xxymvpz xlup9mm x1kky2od\"><img decoding=\"async\" class=\"xz74otr x15mokao x1ga7v0g x16uus16 xbiv7yw\" src=\"https:\/\/static.xx.fbcdn.net\/images\/emoji.php\/v9\/t6d\/1\/16\/1f973.png\" alt=\"\ud83e\udd73\" width=\"16\" height=\"16\" \/><\/span><\/div>\n<\/div>\n<div class=\"x14z9mp xat24cr x1lziwak x1vvkbs xtlvy1s x126k92a\">\n<div dir=\"auto\"><span class=\"html-span xexx8yu xyri2b x18d9i69 x1c1uobl x1hl2dhg x16tdsg8 x1vvkbs x3nfvp2 x1j61x8r x1fcty0u xdj266r xat24cr xm2jcoa x1mpyi22 xxymvpz xlup9mm x1kky2od\"><img decoding=\"async\" class=\"xz74otr x15mokao x1ga7v0g x16uus16 xbiv7yw\" src=\"https:\/\/static.xx.fbcdn.net\/images\/emoji.php\/v9\/t50\/1\/16\/1f525.png\" alt=\"\ud83d\udd25\" width=\"16\" height=\"16\" \/><\/span> Les normands conqu\u00e9rants <span class=\"html-span xexx8yu xyri2b x18d9i69 x1c1uobl x1hl2dhg x16tdsg8 x1vvkbs x3nfvp2 x1j61x8r x1fcty0u xdj266r xat24cr xm2jcoa x1mpyi22 xxymvpz xlup9mm x1kky2od\"><img decoding=\"async\" class=\"xz74otr x15mokao x1ga7v0g x16uus16 xbiv7yw\" src=\"https:\/\/static.xx.fbcdn.net\/images\/emoji.php\/v9\/t40\/1\/16\/1f4a5.png\" alt=\"\ud83d\udca5\" width=\"16\" height=\"16\" \/><\/span>!<\/div>\n<\/div>\n<div class=\"x14z9mp xat24cr x1lziwak x1vvkbs xtlvy1s x126k92a\">\n<div dir=\"auto\"><span class=\"html-span xdj266r x14z9mp xat24cr x1lziwak xexx8yu xyri2b x18d9i69 x1c1uobl x1hl2dhg x16tdsg8 x1vvkbs\"><a class=\"x1i10hfl xjbqb8w x1ejq31n x18oe1m7 x1sy0etr xstzfhl x972fbf x10w94by x1qhh985 x14e42zd x9f619 x1ypdohk xt0psk2 x3ct3a4 xdj266r x14z9mp xat24cr x1lziwak xexx8yu xyri2b x18d9i69 x1c1uobl x16tdsg8 x1hl2dhg xggy1nq x1a2a7pz xkrqix3 x1sur9pj x1fey0fg x1s688f\" role=\"link\" href=\"https:\/\/www.facebook.com\/regionormandie?__cft__[0]=AZYUvUep0wSkhRxOyl7NBCfKoFW-Htg_33dbQzkbzjgTq0j5N9JX9KYDlKPE3BZoLFfOyKCM7NrfYSxNrKxeq325EQVNQPegva_-V8wY2CkhHBbEAfbs3qwptpfLj0IDY4lVgtJc5_ffREaXnFr405a1bo792VsnS723MatodPPV1OJ64rsCJnQQelMR4LCbk1M&amp;__tn__=-]K-R\" target=\"_blank\" rel=\"noopener\"><span class=\"xt0psk2\"><span class=\"xjp7ctv\">R\u00e9gion Normandie<\/span><\/span><\/a><\/span><\/div>\n<div dir=\"auto\"><span class=\"html-span xdj266r x14z9mp xat24cr x1lziwak xexx8yu xyri2b x18d9i69 x1c1uobl x1hl2dhg x16tdsg8 x1vvkbs\"><a class=\"x1i10hfl xjbqb8w x1ejq31n x18oe1m7 x1sy0etr xstzfhl x972fbf x10w94by x1qhh985 x14e42zd x9f619 x1ypdohk xt0psk2 x3ct3a4 xdj266r x14z9mp xat24cr x1lziwak xexx8yu xyri2b x18d9i69 x1c1uobl x16tdsg8 x1hl2dhg xggy1nq x1a2a7pz xkrqix3 x1sur9pj x1fey0fg x1s688f\" role=\"link\" href=\"https:\/\/www.facebook.com\/francebleuhautenormandie?__cft__[0]=AZYUvUep0wSkhRxOyl7NBCfKoFW-Htg_33dbQzkbzjgTq0j5N9JX9KYDlKPE3BZoLFfOyKCM7NrfYSxNrKxeq325EQVNQPegva_-V8wY2CkhHBbEAfbs3qwptpfLj0IDY4lVgtJc5_ffREaXnFr405a1bo792VsnS723MatodPPV1OJ64rsCJnQQelMR4LCbk1M&amp;__tn__=-]K-R\" target=\"_blank\" rel=\"noopener\"><span class=\"xt0psk2\"><span class=\"xjp7ctv\">ici Normandie (Seine-Maritime &#8211; Eure)<\/span><\/span><\/a><\/span><\/div>\n<div dir=\"auto\"><span class=\"html-span xdj266r x14z9mp xat24cr x1lziwak xexx8yu xyri2b x18d9i69 x1c1uobl x1hl2dhg x16tdsg8 x1vvkbs\"><a class=\"x1i10hfl xjbqb8w x1ejq31n x18oe1m7 x1sy0etr xstzfhl x972fbf x10w94by x1qhh985 x14e42zd x9f619 x1ypdohk xt0psk2 x3ct3a4 xdj266r x14z9mp xat24cr x1lziwak xexx8yu xyri2b x18d9i69 x1c1uobl x16tdsg8 x1hl2dhg xggy1nq x1a2a7pz xkrqix3 x1sur9pj x1fey0fg x1s688f\" role=\"link\" href=\"https:\/\/www.facebook.com\/parisnormandievernon?__cft__[0]=AZYUvUep0wSkhRxOyl7NBCfKoFW-Htg_33dbQzkbzjgTq0j5N9JX9KYDlKPE3BZoLFfOyKCM7NrfYSxNrKxeq325EQVNQPegva_-V8wY2CkhHBbEAfbs3qwptpfLj0IDY4lVgtJc5_ffREaXnFr405a1bo792VsnS723MatodPPV1OJ64rsCJnQQelMR4LCbk1M&amp;__tn__=-]K-R\" target=\"_blank\" rel=\"noopener\"><span class=\"xt0psk2\"><span class=\"xjp7ctv\">Paris Normandie Vernon<\/span><\/span><\/a><\/span><\/div>\n<div dir=\"auto\"><span class=\"html-span xdj266r x14z9mp xat24cr x1lziwak xexx8yu xyri2b x18d9i69 x1c1uobl x1hl2dhg x16tdsg8 x1vvkbs\"><a class=\"x1i10hfl xjbqb8w x1ejq31n x18oe1m7 x1sy0etr xstzfhl x972fbf x10w94by x1qhh985 x14e42zd x9f619 x1ypdohk xt0psk2 x3ct3a4 xdj266r x14z9mp xat24cr x1lziwak xexx8yu xyri2b x18d9i69 x1c1uobl x16tdsg8 x1hl2dhg xggy1nq x1a2a7pz xkrqix3 x1sur9pj x1fey0fg x1s688f\" role=\"link\" href=\"https:\/\/www.facebook.com\/BFMNormandie?__cft__[0]=AZYUvUep0wSkhRxOyl7NBCfKoFW-Htg_33dbQzkbzjgTq0j5N9JX9KYDlKPE3BZoLFfOyKCM7NrfYSxNrKxeq325EQVNQPegva_-V8wY2CkhHBbEAfbs3qwptpfLj0IDY4lVgtJc5_ffREaXnFr405a1bo792VsnS723MatodPPV1OJ64rsCJnQQelMR4LCbk1M&amp;__tn__=-]K-R\" target=\"_blank\" rel=\"noopener\"><span class=\"xt0psk2\"><span class=\"xjp7ctv\">BFM Normandie<\/span><\/span><\/a><\/span><\/div>\n<\/div>\n<div dir=\"auto\"><a href=\"https:\/\/sites.ffkarate.fr\/normandie\/wp-content\/uploads\/sites\/117\/2026\/04\/677767340_1600705302061226_5362177801765163590_n-2.jpg\"><img decoding=\"async\" class=\"alignnone size-full wp-image-11569\" src=\"https:\/\/sites.ffkarate.fr\/normandie\/wp-content\/uploads\/sites\/117\/2026\/04\/677767340_1600705302061226_5362177801765163590_n-2.jpg\" alt=\"\" width=\"209\" height=\"250\" \/><\/a><a href=\"https:\/\/sites.ffkarate.fr\/normandie\/wp-content\/uploads\/sites\/117\/2026\/04\/678908654_1601810098617413_4074202813617581975_n.jpg\"><img decoding=\"async\" class=\"alignnone size-full wp-image-11570\" src=\"https:\/\/sites.ffkarate.fr\/normandie\/wp-content\/uploads\/sites\/117\/2026\/04\/678908654_1601810098617413_4074202813617581975_n.jpg\" alt=\"\" width=\"210\" height=\"252\" \/><\/a><\/div>\n<p>[\/vc_column_text][\/vc_column][\/vc_row]<\/p>\n<\/div>","protected":false},"excerpt":{"rendered":"<p>[vc_row][vc_column][vc_column_text] Deux athl\u00e8tes normands s\u00e9lectionn\u00e9s pour les Championnats d&rsquo;Europe seniors de karat\u00e9 qui se d\u00e9rouleront \u00e0 Francfort (Allemagne) &#8211; Louise CAPET, de Saint Marcel Karat\u00e9, en \u00e9quipe kata, &#8211; Issa LARDJOUM, du SPN KARATE, en individuel et en \u00e9quipe combat. Nous sommes fiers de vous. La Normandie est bien repr\u00e9sent\u00e9e Les normands conqu\u00e9rants ! R\u00e9gion [&hellip;]<\/p>\n","protected":false},"author":57,"featured_media":130,"comment_status":"open","ping_status":"open","sticky":false,"template":"","format":"standard","meta":{"footnotes":""},"categories":[5],"tags":[],"class_list":["post-11571","post","type-post","status-publish","format-standard","hentry","category-actualites"],"_links":{"self":[{"href":"https:\/\/sites.ffkarate.fr\/normandie\/wp-json\/wp\/v2\/posts\/11571","targetHints":{"allow":["GET"]}}],"collection":[{"href":"https:\/\/sites.ffkarate.fr\/normandie\/wp-json\/wp\/v2\/posts"}],"about":[{"href":"https:\/\/sites.ffkarate.fr\/normandie\/wp-json\/wp\/v2\/types\/post"}],"author":[{"embeddable":true,"href":"https:\/\/sites.ffkarate.fr\/normandie\/wp-json\/wp\/v2\/users\/57"}],"replies":[{"embeddable":true,"href":"https:\/\/sites.ffkarate.fr\/normandie\/wp-json\/wp\/v2\/comments?post=11571"}],"version-history":[{"count":2,"href":"https:\/\/sites.ffkarate.fr\/normandie\/wp-json\/wp\/v2\/posts\/11571\/revisions"}],"predecessor-version":[{"id":11573,"href":"https:\/\/sites.ffkarate.fr\/normandie\/wp-json\/wp\/v2\/posts\/11571\/revisions\/11573"}],"wp:featuredmedia":[{"embeddable":true,"href":"https:\/\/sites.ffkarate.fr\/normandie\/wp-json\/wp\/v2\/media\/130"}],"wp:attachment":[{"href":"https:\/\/sites.ffkarate.fr\/normandie\/wp-json\/wp\/v2\/media?parent=11571"}],"wp:term":[{"taxonomy":"category","embeddable":true,"href":"https:\/\/sites.ffkarate.fr\/normandie\/wp-json\/wp\/v2\/categories?post=11571"},{"taxonomy":"post_tag","embeddable":true,"href":"https:\/\/sites.ffkarate.fr\/normandie\/wp-json\/wp\/v2\/tags?post=11571"}],"curies":[{"name":"wp","href":"https:\/\/api.w.org\/{rel}","templated":true}]}}