{"id":1608,"date":"2017-09-17T11:49:27","date_gmt":"2017-09-17T09:49:27","guid":{"rendered":"https:\/\/sites.ffkarate.fr\/normandie\/?post_type=news&amp;p=1608"},"modified":"2017-09-17T11:49:27","modified_gmt":"2017-09-17T09:49:27","slug":"concours-national-des-jeunes-arbitres-video","status":"publish","type":"post","link":"https:\/\/sites.ffkarate.fr\/normandie\/2017\/09\/17\/concours-national-des-jeunes-arbitres-video\/","title":{"rendered":"Concours national des jeunes arbitres (Vid\u00e9o)"},"content":{"rendered":"<div class=\"wpb-content-wrapper\"><p>[vc_row][vc_column][vc_column_text]La F\u00e9d\u00e9ration Fran\u00e7aise de Karat\u00e9 (FFK) organise \u00e0 la fin de chaque saison sportive un concours national des jeunes arbitres. Bruno Verfaillie (Responsable National de l&rsquo;Arbitrage) et de jeunes arbitres, nous expliquent l\u2019int\u00e9r\u00eat de ce concours et de la pratique d\u00e8s le plus jeune \u00e2ge.<\/p>\n<p><iframe loading=\"lazy\" title=\"[Reportage] Concours National des Jeunes Arbitres - Mai 2017\" width=\"500\" height=\"281\" src=\"https:\/\/www.youtube.com\/embed\/XR5jqcTKXrA?feature=oembed\" frameborder=\"0\" allow=\"accelerometer; autoplay; clipboard-write; encrypted-media; gyroscope; picture-in-picture; web-share\" referrerpolicy=\"strict-origin-when-cross-origin\" allowfullscreen><\/iframe><\/p>\n<p>Vid\u00e9o que vous pourrez retrouver sur le site internet de la FFK, dans la rubrique \u00ab\u00a0arbitrage\u00a0\u00bb .<br \/>\n[\/vc_column_text][\/vc_column][\/vc_row][vc_row][vc_column][vc_column_text][\/vc_column_text][\/vc_column][\/vc_row][vc_row][vc_column][vc_column_text]1505641768[\/vc_column_text][\/vc_column][\/vc_row]<\/p>\n<\/div>","protected":false},"excerpt":{"rendered":"<p>[vc_row][vc_column][vc_column_text]La F\u00e9d\u00e9ration Fran\u00e7aise de Karat\u00e9 (FFK) organise \u00e0 la fin de chaque saison sportive un concours national des jeunes arbitres. Bruno Verfaillie (Responsable National de l&rsquo;Arbitrage) et de jeunes arbitres, nous expliquent l\u2019int\u00e9r\u00eat de ce concours et de la pratique d\u00e8s le plus jeune \u00e2ge. Vid\u00e9o que vous pourrez retrouver sur le site internet de [&hellip;]<\/p>\n","protected":false},"author":57,"featured_media":0,"comment_status":"closed","ping_status":"closed","sticky":false,"template":"","format":"standard","meta":{"footnotes":""},"categories":[1],"tags":[],"class_list":["post-1608","post","type-post","status-publish","format-standard","hentry","category-non-classe"],"_links":{"self":[{"href":"https:\/\/sites.ffkarate.fr\/normandie\/wp-json\/wp\/v2\/posts\/1608","targetHints":{"allow":["GET"]}}],"collection":[{"href":"https:\/\/sites.ffkarate.fr\/normandie\/wp-json\/wp\/v2\/posts"}],"about":[{"href":"https:\/\/sites.ffkarate.fr\/normandie\/wp-json\/wp\/v2\/types\/post"}],"author":[{"embeddable":true,"href":"https:\/\/sites.ffkarate.fr\/normandie\/wp-json\/wp\/v2\/users\/57"}],"replies":[{"embeddable":true,"href":"https:\/\/sites.ffkarate.fr\/normandie\/wp-json\/wp\/v2\/comments?post=1608"}],"version-history":[{"count":0,"href":"https:\/\/sites.ffkarate.fr\/normandie\/wp-json\/wp\/v2\/posts\/1608\/revisions"}],"wp:attachment":[{"href":"https:\/\/sites.ffkarate.fr\/normandie\/wp-json\/wp\/v2\/media?parent=1608"}],"wp:term":[{"taxonomy":"category","embeddable":true,"href":"https:\/\/sites.ffkarate.fr\/normandie\/wp-json\/wp\/v2\/categories?post=1608"},{"taxonomy":"post_tag","embeddable":true,"href":"https:\/\/sites.ffkarate.fr\/normandie\/wp-json\/wp\/v2\/tags?post=1608"}],"curies":[{"name":"wp","href":"https:\/\/api.w.org\/{rel}","templated":true}]}}