{"id":1995,"date":"2018-02-09T17:24:51","date_gmt":"2018-02-09T16:24:51","guid":{"rendered":"https:\/\/sites.ffkarate.fr\/normandie\/?post_type=news&amp;p=1995"},"modified":"2018-02-09T17:24:51","modified_gmt":"2018-02-09T16:24:51","slug":"actualites-du-vendredi-9-fevrier-2018","status":"publish","type":"post","link":"https:\/\/sites.ffkarate.fr\/normandie\/2018\/02\/09\/actualites-du-vendredi-9-fevrier-2018\/","title":{"rendered":"Actualit\u00e9s du Vendredi 9 F\u00e9vrier 2018"},"content":{"rendered":"<div class=\"wpb-content-wrapper\"><p>[vc_row][vc_column][vc_column_text]<a href=\"https:\/\/sites.ffkarate.fr\/normandie\/wp-content\/uploads\/sites\/10\/2017\/10\/STAGE-GRADE3-4-5D-GRANVILLE-04032018.png\"><img decoding=\"async\" src=\"https:\/\/sites.ffkarate.fr\/normandie\/wp-content\/uploads\/sites\/10\/2017\/10\/STAGE-GRADE3-4-5D-GRANVILLE-04032018-150x150.png\" alt=\"STAGE-GRADE3-4-5D-GRANVILLE-04032018\" width=\"150\" height=\"150\" class=\"alignleft size-thumbnail wp-image-2002\" \/><\/a><br \/>\nMerci de bien vouloir prendre connaissance des documents mis en ligne aujourd&rsquo;hui : <\/p>\n<p>Passage de grade :<br \/>\n&#8211; EXAMENS GRADES 5\u00e8me Duan<br \/>\n&#8211; Nouvelle Fiche d&rsquo;inscription grades Wushu<\/p>\n<p>Stages :<br \/>\n&#8211; 4 Mars 2018 \u2013 STAGES EXAMEN DE GRADE 3e \/ 4e \/ 5e DAN<\/p>\n<p>Nouveau document concernant le Wushu : Dossier Election des repr\u00e9sentants des clubs au CNW<\/p>\n<p>D&rsquo;autre part, veuillez noter que le secr\u00e9tariat de la Ligue sera ferm\u00e9 aux dates suivantes : du 12 au 14 f\u00e9vrier inclus.<\/p>\n<p>Voici \u00e9galement la liste des modifications r\u00e9alis\u00e9es sur le calendrier  aujourd&rsquo;hui : <\/p>\n<p>3 mars :<br \/>\nSTAGE LIGUE SANDA ET QUINDA \u2013 CRJS PETIT COURONNE<\/p>\n<p>11 mars :<br \/>\nJOURNEE THEMATIQUE \u00ab DECOUVERTE \u00bb &#8211; HOULGATE<br \/>\nFORMATION CERTIFICATION BODY KARATE &#8211; HOULGATE<\/p>\n<p>31 mars :<br \/>\nJOURNEE THEMATIQUE \u00ab SANTE \u00bb &#8211; HOULGATE<\/p>\n<p>14 avril :<br \/>\nSTAGE LIGUE KARATE CONTACT \u2013 LIEU NON DEFINI<\/p>\n<p>15 avril :<br \/>\nSTAGE LIGUE BODY KARATE \u2013 LIEU NON DEFINI<\/p>\n<p>21 avril :<br \/>\nSTAGE LIGUE YOSEIKAN BUDO \u2013 LIEU NON DEFINI<\/p>\n<p>19 mai :<br \/>\nSuppression : FORMATION CERTIFICAT BODY KARAT\u00c9<\/p>\n<p>02 juin :<br \/>\nSTAGE LIGUE YOSEIKAN BUDO<\/p>\n<p>10 juin :<br \/>\nEXAMEN WUSHU 4 ET 5 DUAN[\/vc_column_text][\/vc_column][\/vc_row]<\/p>\n<\/div>","protected":false},"excerpt":{"rendered":"<p>[vc_row][vc_column][vc_column_text] Merci de bien vouloir prendre connaissance des documents mis en ligne aujourd&rsquo;hui : Passage de grade : &#8211; EXAMENS GRADES 5\u00e8me Duan &#8211; Nouvelle Fiche d&rsquo;inscription grades Wushu Stages : &#8211; 4 Mars 2018 \u2013 STAGES EXAMEN DE GRADE 3e \/ 4e \/ 5e DAN Nouveau document concernant le Wushu : Dossier Election des [&hellip;]<\/p>\n","protected":false},"author":57,"featured_media":0,"comment_status":"closed","ping_status":"closed","sticky":false,"template":"","format":"standard","meta":{"footnotes":""},"categories":[1],"tags":[],"class_list":["post-1995","post","type-post","status-publish","format-standard","hentry","category-non-classe"],"_links":{"self":[{"href":"https:\/\/sites.ffkarate.fr\/normandie\/wp-json\/wp\/v2\/posts\/1995","targetHints":{"allow":["GET"]}}],"collection":[{"href":"https:\/\/sites.ffkarate.fr\/normandie\/wp-json\/wp\/v2\/posts"}],"about":[{"href":"https:\/\/sites.ffkarate.fr\/normandie\/wp-json\/wp\/v2\/types\/post"}],"author":[{"embeddable":true,"href":"https:\/\/sites.ffkarate.fr\/normandie\/wp-json\/wp\/v2\/users\/57"}],"replies":[{"embeddable":true,"href":"https:\/\/sites.ffkarate.fr\/normandie\/wp-json\/wp\/v2\/comments?post=1995"}],"version-history":[{"count":0,"href":"https:\/\/sites.ffkarate.fr\/normandie\/wp-json\/wp\/v2\/posts\/1995\/revisions"}],"wp:attachment":[{"href":"https:\/\/sites.ffkarate.fr\/normandie\/wp-json\/wp\/v2\/media?parent=1995"}],"wp:term":[{"taxonomy":"category","embeddable":true,"href":"https:\/\/sites.ffkarate.fr\/normandie\/wp-json\/wp\/v2\/categories?post=1995"},{"taxonomy":"post_tag","embeddable":true,"href":"https:\/\/sites.ffkarate.fr\/normandie\/wp-json\/wp\/v2\/tags?post=1995"}],"curies":[{"name":"wp","href":"https:\/\/api.w.org\/{rel}","templated":true}]}}