{"id":2019,"date":"2018-02-16T19:46:22","date_gmt":"2018-02-16T18:46:22","guid":{"rendered":"https:\/\/sites.ffkarate.fr\/normandie\/?post_type=news&amp;p=2019"},"modified":"2018-02-16T19:46:22","modified_gmt":"2018-02-16T18:46:22","slug":"coupe-de-france-combinee","status":"publish","type":"post","link":"https:\/\/sites.ffkarate.fr\/normandie\/2018\/02\/16\/coupe-de-france-combinee\/","title":{"rendered":"Coupe De France Combin\u00e9e"},"content":{"rendered":"<div class=\"wpb-content-wrapper\"><p>[vc_row][vc_column][vc_column_text]Lors de la Coupe De France Combin\u00e9e, 2 \u00e9l\u00e8ves du COSA Karat\u00e9 St Arnoult se sont distingu\u00e9s \u00e0 la coupe de France Combin\u00e9e du 10 f\u00e9vrier 2018 \u00e0 l\u2019INJ de Judo \u00e0 Paris.<br \/>\n&#8211; Jessy Gu\u00e9roult termine 3\u00e8me dans la cat\u00e9gorie des seniors Open.<br \/>\n&#8211; Romain Mocq termine 3\u00e8me dans la cat\u00e9gorie des cadets +70kg.<\/p>\n<p><a href=\"https:\/\/sites.ffkarate.fr\/normandie\/wp-content\/uploads\/sites\/10\/2018\/02\/20180210_161348_001.jpg\"><img decoding=\"async\" src=\"https:\/\/sites.ffkarate.fr\/normandie\/wp-content\/uploads\/sites\/10\/2018\/02\/20180210_161348_001-1024x576.jpg\" alt=\"20180210_161348_001\" width=\"640\" height=\"360\" class=\"aligncenter size-large wp-image-2020\" \/><\/a>[\/vc_column_text][\/vc_column][\/vc_row]<\/p>\n<\/div>","protected":false},"excerpt":{"rendered":"<p>[vc_row][vc_column][vc_column_text]Lors de la Coupe De France Combin\u00e9e, 2 \u00e9l\u00e8ves du COSA Karat\u00e9 St Arnoult se sont distingu\u00e9s \u00e0 la coupe de France Combin\u00e9e du 10 f\u00e9vrier 2018 \u00e0 l\u2019INJ de Judo \u00e0 Paris. &#8211; Jessy Gu\u00e9roult termine 3\u00e8me dans la cat\u00e9gorie des seniors Open. &#8211; Romain Mocq termine 3\u00e8me dans la cat\u00e9gorie des cadets +70kg. [&hellip;]<\/p>\n","protected":false},"author":57,"featured_media":0,"comment_status":"closed","ping_status":"closed","sticky":false,"template":"","format":"standard","meta":{"footnotes":""},"categories":[1],"tags":[],"class_list":["post-2019","post","type-post","status-publish","format-standard","hentry","category-non-classe"],"_links":{"self":[{"href":"https:\/\/sites.ffkarate.fr\/normandie\/wp-json\/wp\/v2\/posts\/2019","targetHints":{"allow":["GET"]}}],"collection":[{"href":"https:\/\/sites.ffkarate.fr\/normandie\/wp-json\/wp\/v2\/posts"}],"about":[{"href":"https:\/\/sites.ffkarate.fr\/normandie\/wp-json\/wp\/v2\/types\/post"}],"author":[{"embeddable":true,"href":"https:\/\/sites.ffkarate.fr\/normandie\/wp-json\/wp\/v2\/users\/57"}],"replies":[{"embeddable":true,"href":"https:\/\/sites.ffkarate.fr\/normandie\/wp-json\/wp\/v2\/comments?post=2019"}],"version-history":[{"count":0,"href":"https:\/\/sites.ffkarate.fr\/normandie\/wp-json\/wp\/v2\/posts\/2019\/revisions"}],"wp:attachment":[{"href":"https:\/\/sites.ffkarate.fr\/normandie\/wp-json\/wp\/v2\/media?parent=2019"}],"wp:term":[{"taxonomy":"category","embeddable":true,"href":"https:\/\/sites.ffkarate.fr\/normandie\/wp-json\/wp\/v2\/categories?post=2019"},{"taxonomy":"post_tag","embeddable":true,"href":"https:\/\/sites.ffkarate.fr\/normandie\/wp-json\/wp\/v2\/tags?post=2019"}],"curies":[{"name":"wp","href":"https:\/\/api.w.org\/{rel}","templated":true}]}}