{"id":3436,"date":"2020-10-18T21:23:32","date_gmt":"2020-10-18T19:23:32","guid":{"rendered":"https:\/\/sites.ffkarate.fr\/normandie\/?post_type=news&amp;p=3436"},"modified":"2020-10-18T21:23:32","modified_gmt":"2020-10-18T19:23:32","slug":"brochure-informative","status":"publish","type":"post","link":"https:\/\/sites.ffkarate.fr\/normandie\/2020\/10\/18\/brochure-informative\/","title":{"rendered":"Brochure informative"},"content":{"rendered":"<div class=\"wpb-content-wrapper\"><p>[vc_row][vc_column][vc_column_text]En cliquant sur l&rsquo;onglet accueil\/Ligue, il sera d\u00e9sormais possible de consulter une brochure qui s&rsquo;apparente \u00e0 une mine d&rsquo;information concernant nos disciplines, en lien avec notre territoire normand. Elle sera r\u00e9gul\u00e8rement enrichie et actualis\u00e9e.<\/p>\n<p>Nous vous laissons la d\u00e9couvrir ci-dessous :<\/p>\n<p><a href=\"https:\/\/sites.ffkarate.fr\/normandie\/wp-content\/uploads\/sites\/117\/2020\/12\/brochure-2020-v14-1-1-13-12-2020.pdf\">brochure-2020-v14-1-1 13 12 2020<\/a><\/p>\n<p>Tr\u00e8s bonne lecture ![\/vc_column_text][\/vc_column][\/vc_row]<\/p>\n<\/div>","protected":false},"excerpt":{"rendered":"<p>[vc_row][vc_column][vc_column_text]En cliquant sur l&rsquo;onglet accueil\/Ligue, il sera d\u00e9sormais possible de consulter une brochure qui s&rsquo;apparente \u00e0 une mine d&rsquo;information concernant nos disciplines, en lien avec notre territoire normand. Elle sera r\u00e9gul\u00e8rement enrichie et actualis\u00e9e. Nous vous laissons la d\u00e9couvrir ci-dessous : brochure-2020-v14-1-1 13 12 2020 Tr\u00e8s bonne lecture ![\/vc_column_text][\/vc_column][\/vc_row]<\/p>\n","protected":false},"author":57,"featured_media":0,"comment_status":"closed","ping_status":"closed","sticky":false,"template":"","format":"standard","meta":{"footnotes":""},"categories":[1],"tags":[],"class_list":["post-3436","post","type-post","status-publish","format-standard","hentry","category-non-classe"],"_links":{"self":[{"href":"https:\/\/sites.ffkarate.fr\/normandie\/wp-json\/wp\/v2\/posts\/3436","targetHints":{"allow":["GET"]}}],"collection":[{"href":"https:\/\/sites.ffkarate.fr\/normandie\/wp-json\/wp\/v2\/posts"}],"about":[{"href":"https:\/\/sites.ffkarate.fr\/normandie\/wp-json\/wp\/v2\/types\/post"}],"author":[{"embeddable":true,"href":"https:\/\/sites.ffkarate.fr\/normandie\/wp-json\/wp\/v2\/users\/57"}],"replies":[{"embeddable":true,"href":"https:\/\/sites.ffkarate.fr\/normandie\/wp-json\/wp\/v2\/comments?post=3436"}],"version-history":[{"count":0,"href":"https:\/\/sites.ffkarate.fr\/normandie\/wp-json\/wp\/v2\/posts\/3436\/revisions"}],"wp:attachment":[{"href":"https:\/\/sites.ffkarate.fr\/normandie\/wp-json\/wp\/v2\/media?parent=3436"}],"wp:term":[{"taxonomy":"category","embeddable":true,"href":"https:\/\/sites.ffkarate.fr\/normandie\/wp-json\/wp\/v2\/categories?post=3436"},{"taxonomy":"post_tag","embeddable":true,"href":"https:\/\/sites.ffkarate.fr\/normandie\/wp-json\/wp\/v2\/tags?post=3436"}],"curies":[{"name":"wp","href":"https:\/\/api.w.org\/{rel}","templated":true}]}}