{"id":3452,"date":"2020-10-24T10:41:53","date_gmt":"2020-10-24T08:41:53","guid":{"rendered":"https:\/\/sites.ffkarate.fr\/normandie\/?post_type=news&amp;p=3452"},"modified":"2020-10-24T10:41:53","modified_gmt":"2020-10-24T08:41:53","slug":"nomination-du-responsable-regional-des-grades-pour-le-karate-et-le-karate-jutsu","status":"publish","type":"post","link":"https:\/\/sites.ffkarate.fr\/normandie\/2020\/10\/24\/nomination-du-responsable-regional-des-grades-pour-le-karate-et-le-karate-jutsu\/","title":{"rendered":"Responsable R\u00e9gional des Grades pour le Karat\u00e9"},"content":{"rendered":"<div class=\"wpb-content-wrapper\"><p>[vc_row][vc_column][vc_column_text]<\/p>\n<p style=\"text-align: left\">Jocelyn ZAMMIT, qui a enti\u00e8rement donn\u00e9 satisfaction \u00e0 l&rsquo;occasion de la derni\u00e8re olympiade, a \u00e9t\u00e9 reconduit dans ses missions de Responsable R\u00e9gional de Grades pour le Karat\u00e9 et le Karat\u00e9 Jutsu.<\/p>\n<div id=\"attachment_2081\" style=\"width: 180px\" class=\"wp-caption aligncenter\"><a href=\"https:\/\/sites.ffkarate.fr\/normandie\/wp-content\/uploads\/sites\/10\/2018\/03\/JOCELYN-ZAMMIT.png\"><img decoding=\"async\" aria-describedby=\"caption-attachment-2081\" class=\"wp-image-2081 size-full\" src=\"https:\/\/sites.ffkarate.fr\/normandie\/wp-content\/uploads\/sites\/10\/2018\/03\/JOCELYN-ZAMMIT.png\" alt=\"JOCELYN ZAMMIT\" width=\"170\" height=\"166\" \/><\/a><p id=\"caption-attachment-2081\" class=\"wp-caption-text\">Jocelyn ZAMMIT<\/p><\/div>[\/vc_column_text][\/vc_column][\/vc_row]<\/p>\n<\/div>","protected":false},"excerpt":{"rendered":"<p>[vc_row][vc_column][vc_column_text] Jocelyn ZAMMIT, qui a enti\u00e8rement donn\u00e9 satisfaction \u00e0 l&rsquo;occasion de la derni\u00e8re olympiade, a \u00e9t\u00e9 reconduit dans ses missions de Responsable R\u00e9gional de Grades pour le Karat\u00e9 et le Karat\u00e9 Jutsu. [\/vc_column_text][\/vc_column][\/vc_row]<\/p>\n","protected":false},"author":57,"featured_media":0,"comment_status":"closed","ping_status":"closed","sticky":false,"template":"","format":"standard","meta":{"footnotes":""},"categories":[1],"tags":[],"class_list":["post-3452","post","type-post","status-publish","format-standard","hentry","category-non-classe"],"_links":{"self":[{"href":"https:\/\/sites.ffkarate.fr\/normandie\/wp-json\/wp\/v2\/posts\/3452","targetHints":{"allow":["GET"]}}],"collection":[{"href":"https:\/\/sites.ffkarate.fr\/normandie\/wp-json\/wp\/v2\/posts"}],"about":[{"href":"https:\/\/sites.ffkarate.fr\/normandie\/wp-json\/wp\/v2\/types\/post"}],"author":[{"embeddable":true,"href":"https:\/\/sites.ffkarate.fr\/normandie\/wp-json\/wp\/v2\/users\/57"}],"replies":[{"embeddable":true,"href":"https:\/\/sites.ffkarate.fr\/normandie\/wp-json\/wp\/v2\/comments?post=3452"}],"version-history":[{"count":0,"href":"https:\/\/sites.ffkarate.fr\/normandie\/wp-json\/wp\/v2\/posts\/3452\/revisions"}],"wp:attachment":[{"href":"https:\/\/sites.ffkarate.fr\/normandie\/wp-json\/wp\/v2\/media?parent=3452"}],"wp:term":[{"taxonomy":"category","embeddable":true,"href":"https:\/\/sites.ffkarate.fr\/normandie\/wp-json\/wp\/v2\/categories?post=3452"},{"taxonomy":"post_tag","embeddable":true,"href":"https:\/\/sites.ffkarate.fr\/normandie\/wp-json\/wp\/v2\/tags?post=3452"}],"curies":[{"name":"wp","href":"https:\/\/api.w.org\/{rel}","templated":true}]}}