{"id":4049,"date":"2021-03-29T17:12:10","date_gmt":"2021-03-29T15:12:10","guid":{"rendered":"https:\/\/sites.ffkarate.fr\/normandie\/?post_type=news&amp;p=4049"},"modified":"2021-03-29T17:12:10","modified_gmt":"2021-03-29T15:12:10","slug":"disparition-epouse-gerard-rayon","status":"publish","type":"post","link":"https:\/\/sites.ffkarate.fr\/normandie\/2021\/03\/29\/disparition-epouse-gerard-rayon\/","title":{"rendered":"Disparition de l&rsquo;\u00e9pouse de G\u00e9rard RAYON"},"content":{"rendered":"<div class=\"wpb-content-wrapper\"><p>[vc_row][vc_column][vc_column_text]Nous avons l\u2019immense tristesse de vous annoncer le d\u00e9c\u00e8s de l&rsquo;\u00e9pouse de Gerard RAYON suite \u00e0 une maladie.<\/p>\n<p><strong>G\u00e9rard RAYON<\/strong><\/p>\n<p><strong>Arbitre ligue kumit\u00e9.<\/strong><\/p>\n<p><strong>Juge ligue kata.<\/strong><\/p>\n<p><strong>Secr\u00e9taire du d\u00e9partement de l&rsquo;Orne &amp;\u00a0Responsable de l&rsquo;\u00e9cole d&rsquo;arbitrage du d\u00e9partement de l&rsquo;Orne.<\/strong><\/p>\n<p>L&rsquo; inhumation aura lieu le vendredi 2 avril \u00e0\u00a0 l&rsquo;\u00e9glise de l&rsquo;Aigle \u00e0 10h30.<\/p>\n<p>Nous\u00a0 pr\u00e9sentons toutes nos condol\u00e9ances \u00e0 sa famille et \u00e0 ses proches avec qui nous partageons cette douloureuse disparition. Nous vous assurons de tout notre soutien.<\/p>\n<p>[\/vc_column_text][\/vc_column][\/vc_row]<\/p>\n<\/div>","protected":false},"excerpt":{"rendered":"<p>[vc_row][vc_column][vc_column_text]Nous avons l\u2019immense tristesse de vous annoncer le d\u00e9c\u00e8s de l&rsquo;\u00e9pouse de Gerard RAYON suite \u00e0 une maladie. G\u00e9rard RAYON Arbitre ligue kumit\u00e9. Juge ligue kata. Secr\u00e9taire du d\u00e9partement de l&rsquo;Orne &amp;\u00a0Responsable de l&rsquo;\u00e9cole d&rsquo;arbitrage du d\u00e9partement de l&rsquo;Orne. L&rsquo; inhumation aura lieu le vendredi 2 avril \u00e0\u00a0 l&rsquo;\u00e9glise de l&rsquo;Aigle \u00e0 10h30. Nous\u00a0 pr\u00e9sentons [&hellip;]<\/p>\n","protected":false},"author":57,"featured_media":4048,"comment_status":"closed","ping_status":"closed","sticky":false,"template":"","format":"standard","meta":{"footnotes":""},"categories":[1],"tags":[],"class_list":["post-4049","post","type-post","status-publish","format-standard","hentry","category-non-classe"],"_links":{"self":[{"href":"https:\/\/sites.ffkarate.fr\/normandie\/wp-json\/wp\/v2\/posts\/4049","targetHints":{"allow":["GET"]}}],"collection":[{"href":"https:\/\/sites.ffkarate.fr\/normandie\/wp-json\/wp\/v2\/posts"}],"about":[{"href":"https:\/\/sites.ffkarate.fr\/normandie\/wp-json\/wp\/v2\/types\/post"}],"author":[{"embeddable":true,"href":"https:\/\/sites.ffkarate.fr\/normandie\/wp-json\/wp\/v2\/users\/57"}],"replies":[{"embeddable":true,"href":"https:\/\/sites.ffkarate.fr\/normandie\/wp-json\/wp\/v2\/comments?post=4049"}],"version-history":[{"count":0,"href":"https:\/\/sites.ffkarate.fr\/normandie\/wp-json\/wp\/v2\/posts\/4049\/revisions"}],"wp:featuredmedia":[{"embeddable":true,"href":"https:\/\/sites.ffkarate.fr\/normandie\/wp-json\/wp\/v2\/media\/4048"}],"wp:attachment":[{"href":"https:\/\/sites.ffkarate.fr\/normandie\/wp-json\/wp\/v2\/media?parent=4049"}],"wp:term":[{"taxonomy":"category","embeddable":true,"href":"https:\/\/sites.ffkarate.fr\/normandie\/wp-json\/wp\/v2\/categories?post=4049"},{"taxonomy":"post_tag","embeddable":true,"href":"https:\/\/sites.ffkarate.fr\/normandie\/wp-json\/wp\/v2\/tags?post=4049"}],"curies":[{"name":"wp","href":"https:\/\/api.w.org\/{rel}","templated":true}]}}