{"id":4071,"date":"2021-04-05T09:20:04","date_gmt":"2021-04-05T07:20:04","guid":{"rendered":"https:\/\/sites.ffkarate.fr\/normandie\/?post_type=news&amp;p=4071"},"modified":"2021-04-05T09:20:04","modified_gmt":"2021-04-05T07:20:04","slug":"campagne-ans-2021","status":"publish","type":"post","link":"https:\/\/sites.ffkarate.fr\/normandie\/2021\/04\/05\/campagne-ans-2021\/","title":{"rendered":"Campagne ANS 2021"},"content":{"rendered":"<div class=\"wpb-content-wrapper\"><p>[vc_row][vc_column][vc_column_text]<\/p>\n<div class=\"kvgmc6g5 cxmmr5t8 oygrvhab hcukyx3x c1et5uql ii04i59q\">\n<div dir=\"auto\">Ouverture de la campagne 2021 !<\/div>\n<div dir=\"auto\"><\/div>\n<\/div>\n<div class=\"o9v6fnle cxmmr5t8 oygrvhab hcukyx3x c1et5uql ii04i59q\">\n<div dir=\"auto\"><strong>7<\/strong><span style=\"color: #000000\"> appels \u00e0 projets sont propos\u00e9s cette ann\u00e9e. L&rsquo;un concernant tout particuli\u00e8rement la natation, nous vous livrons les autres :<\/span><\/div>\n<\/div>\n<div class=\"o9v6fnle cxmmr5t8 oygrvhab hcukyx3x c1et5uql ii04i59q\">\n<div dir=\"auto\">&#8211; <strong><span style=\"color: #0000ff\">Emploi<\/span><\/strong> \u2013 Cr\u00e9ations et consolidations =&gt; fin de saisie des dossiers <span style=\"color: #ff0000\"><span style=\"color: #000000\">le<\/span><strong> 16 mai<\/strong> <strong>2021<\/strong><\/span><\/div>\n<\/div>\n<div class=\"o9v6fnle cxmmr5t8 oygrvhab hcukyx3x c1et5uql ii04i59q\">\n<div dir=\"auto\">&#8211;<strong> <span style=\"color: #000000\"><a class=\"oajrlxb2 g5ia77u1 qu0x051f esr5mh6w e9989ue4 r7d6kgcz rq0escxv nhd2j8a9 nc684nl6 p7hjln8o kvgmc6g5 cxmmr5t8 oygrvhab hcukyx3x jb3vyjys rz4wbd8a qt6c0cv9 a8nywdso i1ao9s8h esuyzwwr f1sip0of lzcic4wl q66pz984 gpro0wi8 b1v8xokw\" style=\"color: #000000\" href=\"https:\/\/www.facebook.com\/hashtag\/1jeune1solution?__eep__=6&amp;__cft__[0]=AZU_pLCwhtlNjfVDInLej4rNM7CNAjXgzvJe8IYmZrXdlDSONIThLmMIplOm0lJai09Wa8ex-aI93pRfNbfZK7lYESvyngnfPlNXkCx0OJ19ioPuo__gh86IHQUTCqVjgbmpM_fFpI8KhGUVYa7VjlAe&amp;__tn__=*NK-R\" target=\"_blank\" rel=\"noopener\">#1jeune1solution<\/a><\/span><\/strong> \u2013<span style=\"color: #000000\"> Aide \u00e0 l\u2019emploi des jeunes de \u2013 de 25 ans <\/span>=&gt; fin de saisie des dossiers <span style=\"color: #ff0000\"><span style=\"color: #000000\">le<\/span><strong> 16 mai 2021<\/strong><\/span><\/div>\n<\/div>\n<div class=\"o9v6fnle cxmmr5t8 oygrvhab hcukyx3x c1et5uql ii04i59q\">\n<div dir=\"auto\">&#8211; <span style=\"color: #0000ff\"><strong>Aide \u00e0 l\u2019apprentissage<\/strong><\/span> =&gt; fin de saisie des dossiers <span style=\"color: #ff0000\"><span style=\"color: #000000\">le<\/span><strong> 5 septembre 2021<\/strong><\/span><\/div>\n<\/div>\n<div class=\"o9v6fnle cxmmr5t8 oygrvhab hcukyx3x c1et5uql ii04i59q\">\n<div dir=\"auto\">&#8211;<span style=\"color: #0000ff\"><strong> Fonds de solidarit\u00e9 : <\/strong><span style=\"color: #000000\">Aide au fonctionnement ou aide \u00e0 la relance des associations sportives locales les plus en difficult\u00e9<\/span><\/span> =&gt; fin de saisie des dossiers <span style=\"color: #ff0000\"><span style=\"color: #000000\">le<\/span><strong> 16 mai 2021<\/strong><\/span><\/div>\n<\/div>\n<div class=\"o9v6fnle cxmmr5t8 oygrvhab hcukyx3x c1et5uql ii04i59q\">\n<div dir=\"auto\">&#8211;<strong> <span style=\"color: #0000ff\">Lutte contre les violences sexistes et sexuelles dans le sport<\/span><\/strong> =&gt; fin de saisie des dossiers <span style=\"color: #ff0000\"><span style=\"color: #000000\">le<\/span><strong> 16 mai 2021<\/strong><\/span><\/div>\n<\/div>\n<div class=\"o9v6fnle cxmmr5t8 oygrvhab hcukyx3x c1et5uql ii04i59q\">\n<div dir=\"auto\">&#8211; <span style=\"color: #0000ff\"><strong>Projets sportifs territoriaux<\/strong><\/span> =&gt; fin de saisie des dossiers <span style=\"color: #ff0000\"><span style=\"color: #000000\">le<\/span><strong> 16 mai 2021<\/strong><\/span><\/div>\n<\/div>\n<div class=\"o9v6fnle cxmmr5t8 oygrvhab hcukyx3x c1et5uql ii04i59q\">\n<div dir=\"auto\">Vous trouverez la notice technique r\u00e9gionale qui d\u00e9taille chacun de ces appels \u00e0 projets en vous rendant sur le site internet de la DRAJES :<span style=\"color: #000000\"><strong> <a class=\"oajrlxb2 g5ia77u1 qu0x051f esr5mh6w e9989ue4 r7d6kgcz rq0escxv nhd2j8a9 nc684nl6 p7hjln8o kvgmc6g5 cxmmr5t8 oygrvhab hcukyx3x jb3vyjys rz4wbd8a qt6c0cv9 a8nywdso i1ao9s8h esuyzwwr f1sip0of lzcic4wl py34i1dx gpro0wi8\" style=\"color: #000000\" href=\"https:\/\/normandie.drdjscs.gouv.fr\/spip.php?article1823&amp;fbclid=IwAR0SEsQZHXlIq8l6UhWbZ1sDg_mqHvCUdN8UUChBhE1a3gU8-MBWNxCwlE8\" target=\"_blank\" rel=\"nofollow noopener\">https:\/\/normandie.drdjscs.gouv.fr\/spip.php?article1823<\/a><\/strong><\/span><\/div>\n<\/div>\n<div class=\"o9v6fnle cxmmr5t8 oygrvhab hcukyx3x c1et5uql ii04i59q\">\n<div dir=\"auto\">Les demandes de subventions pourront \u00eatre d\u00e9pos\u00e9es \u00e0 compter de la semaine du <span style=\"color: #ff0000\"><strong>5 avril 2021<\/strong> <\/span>sur le compte asso.<\/div>\n<\/div>\n<p>[\/vc_column_text][\/vc_column][\/vc_row]<\/p>\n<\/div>","protected":false},"excerpt":{"rendered":"<p>[vc_row][vc_column][vc_column_text] Ouverture de la campagne 2021 ! 7 appels \u00e0 projets sont propos\u00e9s cette ann\u00e9e. L&rsquo;un concernant tout particuli\u00e8rement la natation, nous vous livrons les autres : &#8211; Emploi \u2013 Cr\u00e9ations et consolidations =&gt; fin de saisie des dossiers le 16 mai 2021 &#8211; #1jeune1solution \u2013 Aide \u00e0 l\u2019emploi des jeunes de \u2013 de 25 [&hellip;]<\/p>\n","protected":false},"author":57,"featured_media":4073,"comment_status":"closed","ping_status":"closed","sticky":false,"template":"","format":"standard","meta":{"footnotes":""},"categories":[1],"tags":[],"class_list":["post-4071","post","type-post","status-publish","format-standard","hentry","category-non-classe"],"_links":{"self":[{"href":"https:\/\/sites.ffkarate.fr\/normandie\/wp-json\/wp\/v2\/posts\/4071","targetHints":{"allow":["GET"]}}],"collection":[{"href":"https:\/\/sites.ffkarate.fr\/normandie\/wp-json\/wp\/v2\/posts"}],"about":[{"href":"https:\/\/sites.ffkarate.fr\/normandie\/wp-json\/wp\/v2\/types\/post"}],"author":[{"embeddable":true,"href":"https:\/\/sites.ffkarate.fr\/normandie\/wp-json\/wp\/v2\/users\/57"}],"replies":[{"embeddable":true,"href":"https:\/\/sites.ffkarate.fr\/normandie\/wp-json\/wp\/v2\/comments?post=4071"}],"version-history":[{"count":0,"href":"https:\/\/sites.ffkarate.fr\/normandie\/wp-json\/wp\/v2\/posts\/4071\/revisions"}],"wp:featuredmedia":[{"embeddable":true,"href":"https:\/\/sites.ffkarate.fr\/normandie\/wp-json\/wp\/v2\/media\/4073"}],"wp:attachment":[{"href":"https:\/\/sites.ffkarate.fr\/normandie\/wp-json\/wp\/v2\/media?parent=4071"}],"wp:term":[{"taxonomy":"category","embeddable":true,"href":"https:\/\/sites.ffkarate.fr\/normandie\/wp-json\/wp\/v2\/categories?post=4071"},{"taxonomy":"post_tag","embeddable":true,"href":"https:\/\/sites.ffkarate.fr\/normandie\/wp-json\/wp\/v2\/tags?post=4071"}],"curies":[{"name":"wp","href":"https:\/\/api.w.org\/{rel}","templated":true}]}}