{"id":7703,"date":"2023-10-16T11:21:10","date_gmt":"2023-10-16T09:21:10","guid":{"rendered":"https:\/\/sites.ffkarate.fr\/normandie\/?p=7703"},"modified":"2023-10-16T11:21:10","modified_gmt":"2023-10-16T09:21:10","slug":"correction-de-licences","status":"publish","type":"post","link":"https:\/\/sites.ffkarate.fr\/normandie\/2023\/10\/16\/correction-de-licences\/","title":{"rendered":"Correction de licences"},"content":{"rendered":"<div class=\"wpb-content-wrapper\"><p>[vc_row][vc_column][vc_column_text]<\/p>\n<p style=\"font-weight: 400\">Vous devez vous rapprocher de la F\u00e9d\u00e9ration au service licence pour la modification de l\u2019identit\u00e9 d\u2019une personne.<\/p>\n<p style=\"font-weight: 400\"><strong><em><u>Correction de licences<\/u><\/em><\/strong><\/p>\n<p style=\"font-weight: 400\">\u00a0<strong>Pour toute demande de correction du nom, du pr\u00e9nom et\/ou de la date de naissance de l&rsquo;un de vos licenci\u00e9s, merci d&rsquo;adresser votre demande \u00e0\u00a0<\/strong><a href=\"mailto:licences@ffkarate.fr\"><strong>licences@ffkarate.fr<\/strong><\/a><strong>.<\/strong><\/p>\n<p style=\"font-weight: 400\"><strong>Vos demandes sont trait\u00e9es chaque jour.<\/strong><\/p>\n<p style=\"font-weight: 400\">\u00a0Vous pouvez modifier vous-m\u00eame les renseignements figurant dans l\u2019onglet \u00ab\u00a0<strong>Coordonn\u00e9es<\/strong>\u00a0\u00bb de la fiche de l\u2019adh\u00e9rent, en cliquant sur l\u2019ic\u00f4ne en haut \u00e0 droite du cadre \u00ab\u00a0ADRESSE DE LA PERSONNE\u00a0\u00bb.<\/p>\n<p style=\"font-weight: 400\"><strong><em><u>Contact service Licences<\/u><\/em><\/strong><\/p>\n<p style=\"font-weight: 400\">Pour tous renseignements compl\u00e9mentaires, le \u00ab\u00a0Service des licences et affiliations\u00a0\u00bb reste \u00e0 votre disposition :<\/p>\n<p style=\"font-weight: 400\">&#8211;\u00a0\u00a0\u00a0\u00a0\u00a0\u00a0\u00a0<em>Par mail<\/em>\u00a0:\u00a0<a href=\"mailto:licences@ffkarate.fr\"><strong>licences@ffkarate.fr<\/strong><\/a><\/p>\n<p style=\"font-weight: 400\">&#8211;\u00a0\u00a0\u00a0\u00a0\u00a0\u00a0\u00a0<em>Par t\u00e9l\u00e9phone<\/em>\u00a0: du lundi au vendredi de\u00a0<strong>09h30 \u00e0 12h30<\/strong>\u00a0au 01.41.17.44.46<\/p>\n<p style=\"font-weight: 400\">&#8211;\u00a0\u00a0\u00a0\u00a0\u00a0\u00a0\u00a0<em>L&rsquo;apr\u00e8s-midi sur demande de RDV t\u00e9l\u00e9phonique par mail<\/em><\/p>\n<p>[\/vc_column_text][\/vc_column][\/vc_row]<\/p>\n<\/div>","protected":false},"excerpt":{"rendered":"<p>[vc_row][vc_column][vc_column_text] Vous devez vous rapprocher de la F\u00e9d\u00e9ration au service licence pour la modification de l\u2019identit\u00e9 d\u2019une personne. Correction de licences \u00a0Pour toute demande de correction du nom, du pr\u00e9nom et\/ou de la date de naissance de l&rsquo;un de vos licenci\u00e9s, merci d&rsquo;adresser votre demande \u00e0\u00a0licences@ffkarate.fr. Vos demandes sont trait\u00e9es chaque jour. \u00a0Vous pouvez modifier [&hellip;]<\/p>\n","protected":false},"author":57,"featured_media":5900,"comment_status":"closed","ping_status":"closed","sticky":false,"template":"","format":"standard","meta":{"footnotes":""},"categories":[1],"tags":[],"class_list":["post-7703","post","type-post","status-publish","format-standard","hentry","category-non-classe"],"_links":{"self":[{"href":"https:\/\/sites.ffkarate.fr\/normandie\/wp-json\/wp\/v2\/posts\/7703","targetHints":{"allow":["GET"]}}],"collection":[{"href":"https:\/\/sites.ffkarate.fr\/normandie\/wp-json\/wp\/v2\/posts"}],"about":[{"href":"https:\/\/sites.ffkarate.fr\/normandie\/wp-json\/wp\/v2\/types\/post"}],"author":[{"embeddable":true,"href":"https:\/\/sites.ffkarate.fr\/normandie\/wp-json\/wp\/v2\/users\/57"}],"replies":[{"embeddable":true,"href":"https:\/\/sites.ffkarate.fr\/normandie\/wp-json\/wp\/v2\/comments?post=7703"}],"version-history":[{"count":2,"href":"https:\/\/sites.ffkarate.fr\/normandie\/wp-json\/wp\/v2\/posts\/7703\/revisions"}],"predecessor-version":[{"id":7705,"href":"https:\/\/sites.ffkarate.fr\/normandie\/wp-json\/wp\/v2\/posts\/7703\/revisions\/7705"}],"wp:featuredmedia":[{"embeddable":true,"href":"https:\/\/sites.ffkarate.fr\/normandie\/wp-json\/wp\/v2\/media\/5900"}],"wp:attachment":[{"href":"https:\/\/sites.ffkarate.fr\/normandie\/wp-json\/wp\/v2\/media?parent=7703"}],"wp:term":[{"taxonomy":"category","embeddable":true,"href":"https:\/\/sites.ffkarate.fr\/normandie\/wp-json\/wp\/v2\/categories?post=7703"},{"taxonomy":"post_tag","embeddable":true,"href":"https:\/\/sites.ffkarate.fr\/normandie\/wp-json\/wp\/v2\/tags?post=7703"}],"curies":[{"name":"wp","href":"https:\/\/api.w.org\/{rel}","templated":true}]}}