{"id":7771,"date":"2023-10-30T11:23:59","date_gmt":"2023-10-30T10:23:59","guid":{"rendered":"https:\/\/sites.ffkarate.fr\/normandie\/?p=7771"},"modified":"2023-10-30T11:23:59","modified_gmt":"2023-10-30T10:23:59","slug":"rassemblement-national-kata-zone-nord","status":"publish","type":"post","link":"https:\/\/sites.ffkarate.fr\/normandie\/2023\/10\/30\/rassemblement-national-kata-zone-nord\/","title":{"rendered":"Rassemblement national Kata, zone nord."},"content":{"rendered":"<div class=\"wpb-content-wrapper\"><p>[vc_row][vc_column][vc_column_text]Apr\u00e8s le rassemblement zone nord combat, c&rsquo;\u00e9tait au tour des athl\u00e8tes kata de se retrouver au CREPS de Ch\u00e2tenay Malabry. Nos normandes Louise et Alyssa (SMK) \u00e9taient sur le pont ce week-end <span class=\"x3nfvp2 x1j61x8r x1fcty0u xdj266r xhhsvwb xat24cr xgzva0m xxymvpz xlup9mm x1kky2od\"><img decoding=\"async\" class=\"xz74otr\" src=\"https:\/\/static.xx.fbcdn.net\/images\/emoji.php\/v9\/tfe\/1\/16\/1f44f.png\" alt=\"\ud83d\udc4f\" width=\"16\" height=\"16\" \/><\/span><\/p>\n<p>&nbsp;<\/p>\n<p><img decoding=\"async\" class=\"alignnone size-full wp-image-7770\" src=\"https:\/\/sites.ffkarate.fr\/normandie\/wp-content\/uploads\/sites\/117\/2023\/10\/398048467_846462050818892_3707341444535850721_n.jpg\" alt=\"\" width=\"280\" height=\"363\" \/>[\/vc_column_text][\/vc_column][\/vc_row]<\/p>\n<\/div>","protected":false},"excerpt":{"rendered":"<p>[vc_row][vc_column][vc_column_text]Apr\u00e8s le rassemblement zone nord combat, c&rsquo;\u00e9tait au tour des athl\u00e8tes kata de se retrouver au CREPS de Ch\u00e2tenay Malabry. Nos normandes Louise et Alyssa (SMK) \u00e9taient sur le pont ce week-end &nbsp; [\/vc_column_text][\/vc_column][\/vc_row]<\/p>\n","protected":false},"author":57,"featured_media":5548,"comment_status":"closed","ping_status":"closed","sticky":false,"template":"","format":"standard","meta":{"footnotes":""},"categories":[1],"tags":[],"class_list":["post-7771","post","type-post","status-publish","format-standard","hentry","category-non-classe"],"_links":{"self":[{"href":"https:\/\/sites.ffkarate.fr\/normandie\/wp-json\/wp\/v2\/posts\/7771","targetHints":{"allow":["GET"]}}],"collection":[{"href":"https:\/\/sites.ffkarate.fr\/normandie\/wp-json\/wp\/v2\/posts"}],"about":[{"href":"https:\/\/sites.ffkarate.fr\/normandie\/wp-json\/wp\/v2\/types\/post"}],"author":[{"embeddable":true,"href":"https:\/\/sites.ffkarate.fr\/normandie\/wp-json\/wp\/v2\/users\/57"}],"replies":[{"embeddable":true,"href":"https:\/\/sites.ffkarate.fr\/normandie\/wp-json\/wp\/v2\/comments?post=7771"}],"version-history":[{"count":2,"href":"https:\/\/sites.ffkarate.fr\/normandie\/wp-json\/wp\/v2\/posts\/7771\/revisions"}],"predecessor-version":[{"id":7773,"href":"https:\/\/sites.ffkarate.fr\/normandie\/wp-json\/wp\/v2\/posts\/7771\/revisions\/7773"}],"wp:featuredmedia":[{"embeddable":true,"href":"https:\/\/sites.ffkarate.fr\/normandie\/wp-json\/wp\/v2\/media\/5548"}],"wp:attachment":[{"href":"https:\/\/sites.ffkarate.fr\/normandie\/wp-json\/wp\/v2\/media?parent=7771"}],"wp:term":[{"taxonomy":"category","embeddable":true,"href":"https:\/\/sites.ffkarate.fr\/normandie\/wp-json\/wp\/v2\/categories?post=7771"},{"taxonomy":"post_tag","embeddable":true,"href":"https:\/\/sites.ffkarate.fr\/normandie\/wp-json\/wp\/v2\/tags?post=7771"}],"curies":[{"name":"wp","href":"https:\/\/api.w.org\/{rel}","templated":true}]}}