{"id":7932,"date":"2023-11-24T11:15:21","date_gmt":"2023-11-24T10:15:21","guid":{"rendered":"https:\/\/sites.ffkarate.fr\/normandie\/?p=7932"},"modified":"2023-11-24T11:15:21","modified_gmt":"2023-11-24T10:15:21","slug":"60-ans","status":"publish","type":"post","link":"https:\/\/sites.ffkarate.fr\/normandie\/2023\/11\/24\/60-ans\/","title":{"rendered":"60 ans !!!!!"},"content":{"rendered":"<div class=\"wpb-content-wrapper\"><p>[vc_row][vc_column][vc_column_text]<\/p>\n<div class=\"x11i5rnm xat24cr x1mh8g0r x1vvkbs xtlvy1s x126k92a\">\n<div dir=\"auto\">Antoine Rosa, pionnier du karat\u00e9 normand, figure parmi les tout premiers fran\u00e7ais \u00e0 avoir d\u00e9croch\u00e9 leur ceinture noire de karat\u00e9.<\/div>\n<\/div>\n<div class=\"x11i5rnm xat24cr x1mh8g0r x1vvkbs xtlvy1s x126k92a\">\n<div dir=\"auto\">Il a \u00e9t\u00e9 re\u00e7u au 1er Dan le 10 juillet 1963 alors qu&rsquo;il pratiquait assid\u00fbment chez un certain Henry Pl\u00e9e, au sein du mythique dojo de la rue de la Montagne Sainte Genevi\u00e8ve. Il a travaill\u00e9 avec les plus grands ma\u00eetres japonais.<\/div>\n<\/div>\n<div class=\"x11i5rnm xat24cr x1mh8g0r x1vvkbs xtlvy1s x126k92a\">\n<div dir=\"auto\">Antoine Rosa a d\u00e9but\u00e9 par le judo (la F\u00e9d\u00e9ration de judo avait \u00e0 cette \u00e9poque la d\u00e9l\u00e9gation pour le karat\u00e9), qu&rsquo;il a pratiqu\u00e9 de 1954 \u00e0 1959, avant de se tourner vers le Karat\u00e9. Il est aujourd&rsquo;hui 8\u00e8me Dan (depuis 2008).<a href=\"https:\/\/sites.ffkarate.fr\/normandie\/wp-content\/uploads\/sites\/117\/2023\/11\/rsa.jpg\"><img decoding=\"async\" class=\"alignnone size-full wp-image-7931\" src=\"https:\/\/sites.ffkarate.fr\/normandie\/wp-content\/uploads\/sites\/117\/2023\/11\/rsa.jpg\" alt=\"\" width=\"600\" height=\"270\" \/><\/a><a href=\"https:\/\/sites.ffkarate.fr\/normandie\/wp-content\/uploads\/sites\/117\/2023\/11\/rosa.jpg\"><img decoding=\"async\" class=\"alignnone size-full wp-image-7929\" src=\"https:\/\/sites.ffkarate.fr\/normandie\/wp-content\/uploads\/sites\/117\/2023\/11\/rosa.jpg\" alt=\"\" width=\"600\" height=\"270\" \/><\/a><a href=\"https:\/\/sites.ffkarate.fr\/normandie\/wp-content\/uploads\/sites\/117\/2023\/11\/rosa1.jpg\"><img decoding=\"async\" class=\"alignnone size-full wp-image-7930\" src=\"https:\/\/sites.ffkarate.fr\/normandie\/wp-content\/uploads\/sites\/117\/2023\/11\/rosa1.jpg\" alt=\"\" width=\"593\" height=\"403\" \/><\/a><\/div>\n<\/div>\n<p>[\/vc_column_text][\/vc_column][\/vc_row]<\/p>\n<\/div>","protected":false},"excerpt":{"rendered":"<p>[vc_row][vc_column][vc_column_text] Antoine Rosa, pionnier du karat\u00e9 normand, figure parmi les tout premiers fran\u00e7ais \u00e0 avoir d\u00e9croch\u00e9 leur ceinture noire de karat\u00e9. Il a \u00e9t\u00e9 re\u00e7u au 1er Dan le 10 juillet 1963 alors qu&rsquo;il pratiquait assid\u00fbment chez un certain Henry Pl\u00e9e, au sein du mythique dojo de la rue de la Montagne Sainte Genevi\u00e8ve. Il [&hellip;]<\/p>\n","protected":false},"author":57,"featured_media":130,"comment_status":"closed","ping_status":"closed","sticky":false,"template":"","format":"standard","meta":{"footnotes":""},"categories":[5],"tags":[],"class_list":["post-7932","post","type-post","status-publish","format-standard","hentry","category-actualites"],"_links":{"self":[{"href":"https:\/\/sites.ffkarate.fr\/normandie\/wp-json\/wp\/v2\/posts\/7932","targetHints":{"allow":["GET"]}}],"collection":[{"href":"https:\/\/sites.ffkarate.fr\/normandie\/wp-json\/wp\/v2\/posts"}],"about":[{"href":"https:\/\/sites.ffkarate.fr\/normandie\/wp-json\/wp\/v2\/types\/post"}],"author":[{"embeddable":true,"href":"https:\/\/sites.ffkarate.fr\/normandie\/wp-json\/wp\/v2\/users\/57"}],"replies":[{"embeddable":true,"href":"https:\/\/sites.ffkarate.fr\/normandie\/wp-json\/wp\/v2\/comments?post=7932"}],"version-history":[{"count":2,"href":"https:\/\/sites.ffkarate.fr\/normandie\/wp-json\/wp\/v2\/posts\/7932\/revisions"}],"predecessor-version":[{"id":7934,"href":"https:\/\/sites.ffkarate.fr\/normandie\/wp-json\/wp\/v2\/posts\/7932\/revisions\/7934"}],"wp:featuredmedia":[{"embeddable":true,"href":"https:\/\/sites.ffkarate.fr\/normandie\/wp-json\/wp\/v2\/media\/130"}],"wp:attachment":[{"href":"https:\/\/sites.ffkarate.fr\/normandie\/wp-json\/wp\/v2\/media?parent=7932"}],"wp:term":[{"taxonomy":"category","embeddable":true,"href":"https:\/\/sites.ffkarate.fr\/normandie\/wp-json\/wp\/v2\/categories?post=7932"},{"taxonomy":"post_tag","embeddable":true,"href":"https:\/\/sites.ffkarate.fr\/normandie\/wp-json\/wp\/v2\/tags?post=7932"}],"curies":[{"name":"wp","href":"https:\/\/api.w.org\/{rel}","templated":true}]}}