{"id":8530,"date":"2024-02-25T13:08:33","date_gmt":"2024-02-25T12:08:33","guid":{"rendered":"https:\/\/sites.ffkarate.fr\/normandie\/?p=8530"},"modified":"2024-02-25T13:08:33","modified_gmt":"2024-02-25T12:08:33","slug":"diplome-de-moniteur-professionnel-karate-wushu-et-disciplines-associees","status":"publish","type":"post","link":"https:\/\/sites.ffkarate.fr\/normandie\/2024\/02\/25\/diplome-de-moniteur-professionnel-karate-wushu-et-disciplines-associees\/","title":{"rendered":"Dipl\u00f4me de Moniteur Professionnel Karat\u00e9-Wushu et Disciplines Associ\u00e9es"},"content":{"rendered":"<div class=\"wpb-content-wrapper\"><p>[vc_row][vc_column][vc_column_text]<\/p>\n<div class=\"xdj266r x11i5rnm xat24cr x1mh8g0r x1vvkbs x126k92a\">\n<div dir=\"auto\">TFP (Titre \u00e0 Finalit\u00e9 Professionnelle)<\/div>\n<\/div>\n<div class=\"x11i5rnm xat24cr x1mh8g0r x1vvkbs xtlvy1s x126k92a\">\n<div dir=\"auto\">F\u00e9licitations \u00e0 Xavier FACQ, du <a class=\"x1i10hfl xjbqb8w x1ejq31n xd10rxx x1sy0etr x17r0tee x972fbf xcfux6l x1qhh985 xm0m39n x9f619 x1ypdohk xt0psk2 xe8uvvx xdj266r x11i5rnm xat24cr x1mh8g0r xexx8yu x4uap5 x18d9i69 xkhd6sd x16tdsg8 x1hl2dhg xggy1nq x1a2a7pz xt0b8zv x1fey0fg xo1l8bm\" role=\"link\" href=\"https:\/\/www.facebook.com\/KarateEvreuxNavarre?__cft__[0]=AZULasbh7l_aH9-uC3buAIqcSScGbXPbfUr5Ya1WoT338b4ulF5cBby1dRNqSL0Hlg6ircRpi8N_zoIDBf4PkTZYX9pn8ryZOkkhwiT10uXEzQs5FVQtMbudurXiSUFYxszp5h7aKlKBXOmtMFIMrj1r4PoEZN5h1j1DM2pzeDql4yJoZZgMQcqihWqtCu3eRwU&amp;__tn__=-]K-R\" target=\"_blank\" rel=\"noopener\"><span class=\"xt0psk2\">Karat\u00e9 Evreux Navarre<\/span><\/a>, et \u00e0 Thierry LEGASTELOIS de l&rsquo;AS Huang DI Rouen, qui ont achev\u00e9 cette semaine leur formation pour l&rsquo;obtention du dipl\u00f4me de Moniteur Professionnel Karat\u00e9-Wushu et Disciplines Associ\u00e9es <span class=\"x3nfvp2 x1j61x8r x1fcty0u xdj266r xhhsvwb xat24cr xgzva0m xxymvpz xlup9mm x1kky2od\"><img decoding=\"async\" class=\"xz74otr\" src=\"https:\/\/static.xx.fbcdn.net\/images\/emoji.php\/v9\/tfe\/1\/16\/1f44f.png\" alt=\"\ud83d\udc4f\" width=\"16\" height=\"16\" \/><\/span><span class=\"x3nfvp2 x1j61x8r x1fcty0u xdj266r xhhsvwb xat24cr xgzva0m xxymvpz xlup9mm x1kky2od\"><img decoding=\"async\" class=\"xz74otr\" src=\"https:\/\/static.xx.fbcdn.net\/images\/emoji.php\/v9\/tfe\/1\/16\/1f44f.png\" alt=\"\ud83d\udc4f\" width=\"16\" height=\"16\" \/><\/span><span class=\"x3nfvp2 x1j61x8r x1fcty0u xdj266r xhhsvwb xat24cr xgzva0m xxymvpz xlup9mm x1kky2od\"><img decoding=\"async\" class=\"xz74otr\" src=\"https:\/\/static.xx.fbcdn.net\/images\/emoji.php\/v9\/tfe\/1\/16\/1f44f.png\" alt=\"\ud83d\udc4f\" width=\"16\" height=\"16\" \/><\/span><\/div>\n<\/div>\n<div class=\"x11i5rnm xat24cr x1mh8g0r x1vvkbs xtlvy1s x126k92a\">\n<div dir=\"auto\">Trois normands ont offici\u00e9 en qualit\u00e9 de jury, \u00e0 l&rsquo;occasion de cette session en zone nord. Il s&rsquo;agit de Karine GONCALVES, Sa\u00efd BARKA et Daniel JARDINIER <span class=\"x3nfvp2 x1j61x8r x1fcty0u xdj266r xhhsvwb xat24cr xgzva0m xxymvpz xlup9mm x1kky2od\"><img decoding=\"async\" class=\"xz74otr\" src=\"https:\/\/static.xx.fbcdn.net\/images\/emoji.php\/v9\/t80\/1\/16\/1f64f.png\" alt=\"\ud83d\ude4f\" width=\"16\" height=\"16\" \/><\/span><a href=\"https:\/\/sites.ffkarate.fr\/normandie\/wp-content\/uploads\/sites\/117\/2024\/02\/429926172_927705952694501_2252347085911969199_n.jpg\"><img decoding=\"async\" class=\"alignnone size-full wp-image-8528\" src=\"https:\/\/sites.ffkarate.fr\/normandie\/wp-content\/uploads\/sites\/117\/2024\/02\/429926172_927705952694501_2252347085911969199_n.jpg\" alt=\"\" width=\"498\" height=\"280\" \/><\/a><\/div>\n<\/div>\n<p>[\/vc_column_text][\/vc_column][\/vc_row]<\/p>\n<\/div>","protected":false},"excerpt":{"rendered":"<p>[vc_row][vc_column][vc_column_text] TFP (Titre \u00e0 Finalit\u00e9 Professionnelle) F\u00e9licitations \u00e0 Xavier FACQ, du Karat\u00e9 Evreux Navarre, et \u00e0 Thierry LEGASTELOIS de l&rsquo;AS Huang DI Rouen, qui ont achev\u00e9 cette semaine leur formation pour l&rsquo;obtention du dipl\u00f4me de Moniteur Professionnel Karat\u00e9-Wushu et Disciplines Associ\u00e9es Trois normands ont offici\u00e9 en qualit\u00e9 de jury, \u00e0 l&rsquo;occasion de cette session en [&hellip;]<\/p>\n","protected":false},"author":57,"featured_media":8529,"comment_status":"closed","ping_status":"closed","sticky":false,"template":"","format":"standard","meta":{"footnotes":""},"categories":[5],"tags":[],"class_list":["post-8530","post","type-post","status-publish","format-standard","hentry","category-actualites"],"_links":{"self":[{"href":"https:\/\/sites.ffkarate.fr\/normandie\/wp-json\/wp\/v2\/posts\/8530","targetHints":{"allow":["GET"]}}],"collection":[{"href":"https:\/\/sites.ffkarate.fr\/normandie\/wp-json\/wp\/v2\/posts"}],"about":[{"href":"https:\/\/sites.ffkarate.fr\/normandie\/wp-json\/wp\/v2\/types\/post"}],"author":[{"embeddable":true,"href":"https:\/\/sites.ffkarate.fr\/normandie\/wp-json\/wp\/v2\/users\/57"}],"replies":[{"embeddable":true,"href":"https:\/\/sites.ffkarate.fr\/normandie\/wp-json\/wp\/v2\/comments?post=8530"}],"version-history":[{"count":2,"href":"https:\/\/sites.ffkarate.fr\/normandie\/wp-json\/wp\/v2\/posts\/8530\/revisions"}],"predecessor-version":[{"id":8532,"href":"https:\/\/sites.ffkarate.fr\/normandie\/wp-json\/wp\/v2\/posts\/8530\/revisions\/8532"}],"wp:featuredmedia":[{"embeddable":true,"href":"https:\/\/sites.ffkarate.fr\/normandie\/wp-json\/wp\/v2\/media\/8529"}],"wp:attachment":[{"href":"https:\/\/sites.ffkarate.fr\/normandie\/wp-json\/wp\/v2\/media?parent=8530"}],"wp:term":[{"taxonomy":"category","embeddable":true,"href":"https:\/\/sites.ffkarate.fr\/normandie\/wp-json\/wp\/v2\/categories?post=8530"},{"taxonomy":"post_tag","embeddable":true,"href":"https:\/\/sites.ffkarate.fr\/normandie\/wp-json\/wp\/v2\/tags?post=8530"}],"curies":[{"name":"wp","href":"https:\/\/api.w.org\/{rel}","templated":true}]}}