{"id":8822,"date":"2024-04-17T10:20:07","date_gmt":"2024-04-17T08:20:07","guid":{"rendered":"https:\/\/sites.ffkarate.fr\/normandie\/?p=8822"},"modified":"2024-04-17T10:20:07","modified_gmt":"2024-04-17T08:20:07","slug":"coupe-de-france-kata-pupilles-benjamins","status":"publish","type":"post","link":"https:\/\/sites.ffkarate.fr\/normandie\/2024\/04\/17\/coupe-de-france-kata-pupilles-benjamins\/","title":{"rendered":"COUPE DE FRANCE KATA Pupilles\/Benjamins"},"content":{"rendered":"<div class=\"wpb-content-wrapper\"><p>[vc_row][vc_column][vc_column_text]<\/p>\n<div class=\"x11i5rnm xat24cr x1mh8g0r x1vvkbs xtlvy1s x126k92a\">\n<div dir=\"auto\">Remarquable performance de Jason Boulanger, du <a class=\"x1i10hfl xjbqb8w x1ejq31n xd10rxx x1sy0etr x17r0tee x972fbf xcfux6l x1qhh985 xm0m39n x9f619 x1ypdohk xt0psk2 xe8uvvx xdj266r x11i5rnm xat24cr x1mh8g0r xexx8yu x4uap5 x18d9i69 xkhd6sd x16tdsg8 x1hl2dhg xggy1nq x1a2a7pz xt0b8zv x1fey0fg xo1l8bm\" role=\"link\" href=\"https:\/\/www.facebook.com\/karateclubouistreham?__cft__[0]=AZXdLZSegPcAO3tRFnc2q5t3s_bCEA-cRsQhssjThIIZBwGtlVFhFWgRbE8bqRBu80T3WPtGtBlBkI7CqUoEAnpHfgygCHI41-AwlgpKHdRnZPPBokGHV7UpIb3yxYtfeh7CLQ6vDjP2yg9K1VPvz5g2VxEV7moLjUKleDz2ED7qaRzNQEmdNlQmLEPURlWIPr8oAdVFBAHQIODyswBbXobwVMh3HQq_ayzliduop70FTYS36bowdVBFgHLKRbkrru8&amp;__tn__=-]K-R\" target=\"_blank\" rel=\"noopener\"><span class=\"xt0psk2\">Karat\u00e9 Club Ouistreham<\/span><\/a>, pour sa 1\u00e8re participation \u00e0 la Coupe de France. Il se hisse sur la 3\u00e8me place du podium <span class=\"x3nfvp2 x1j61x8r x1fcty0u xdj266r xhhsvwb xat24cr xgzva0m xxymvpz xlup9mm x1kky2od\"><img decoding=\"async\" class=\"xz74otr\" src=\"https:\/\/static.xx.fbcdn.net\/images\/emoji.php\/v9\/tfe\/1\/16\/1f44f.png\" alt=\"\ud83d\udc4f\" width=\"16\" height=\"16\" \/><\/span><span class=\"x3nfvp2 x1j61x8r x1fcty0u xdj266r xhhsvwb xat24cr xgzva0m xxymvpz xlup9mm x1kky2od\"><img decoding=\"async\" class=\"xz74otr\" src=\"https:\/\/static.xx.fbcdn.net\/images\/emoji.php\/v9\/tfe\/1\/16\/1f44f.png\" alt=\"\ud83d\udc4f\" width=\"16\" height=\"16\" \/><\/span><span class=\"x3nfvp2 x1j61x8r x1fcty0u xdj266r xhhsvwb xat24cr xgzva0m xxymvpz xlup9mm x1kky2od\"><img decoding=\"async\" class=\"xz74otr\" src=\"https:\/\/static.xx.fbcdn.net\/images\/emoji.php\/v9\/tfe\/1\/16\/1f44f.png\" alt=\"\ud83d\udc4f\" width=\"16\" height=\"16\" \/><\/span><\/div>\n<\/div>\n<div class=\"x11i5rnm xat24cr x1mh8g0r x1vvkbs xtlvy1s x126k92a\">\n<div dir=\"auto\">Un avenir prometteur <span class=\"x3nfvp2 x1j61x8r x1fcty0u xdj266r xhhsvwb xat24cr xgzva0m xxymvpz xlup9mm x1kky2od\"><img decoding=\"async\" class=\"xz74otr\" src=\"https:\/\/static.xx.fbcdn.net\/images\/emoji.php\/v9\/t58\/1\/16\/1f929.png\" alt=\"\ud83e\udd29\" width=\"16\" height=\"16\" \/><\/span><a href=\"https:\/\/sites.ffkarate.fr\/normandie\/wp-content\/uploads\/sites\/117\/2024\/04\/437583617_885475576715020_7327255369038494248_n.jpg\"><img decoding=\"async\" class=\"alignnone size-full wp-image-8821\" src=\"https:\/\/sites.ffkarate.fr\/normandie\/wp-content\/uploads\/sites\/117\/2024\/04\/437583617_885475576715020_7327255369038494248_n.jpg\" alt=\"\" width=\"1536\" height=\"2048\" \/><\/a><\/div>\n<\/div>\n<p>[\/vc_column_text][\/vc_column][\/vc_row]<\/p>\n<\/div>","protected":false},"excerpt":{"rendered":"<p>[vc_row][vc_column][vc_column_text] Remarquable performance de Jason Boulanger, du Karat\u00e9 Club Ouistreham, pour sa 1\u00e8re participation \u00e0 la Coupe de France. Il se hisse sur la 3\u00e8me place du podium Un avenir prometteur [\/vc_column_text][\/vc_column][\/vc_row]<\/p>\n","protected":false},"author":57,"featured_media":8820,"comment_status":"closed","ping_status":"closed","sticky":false,"template":"","format":"standard","meta":{"footnotes":""},"categories":[10],"tags":[],"class_list":["post-8822","post","type-post","status-publish","format-standard","hentry","category-competitions"],"_links":{"self":[{"href":"https:\/\/sites.ffkarate.fr\/normandie\/wp-json\/wp\/v2\/posts\/8822","targetHints":{"allow":["GET"]}}],"collection":[{"href":"https:\/\/sites.ffkarate.fr\/normandie\/wp-json\/wp\/v2\/posts"}],"about":[{"href":"https:\/\/sites.ffkarate.fr\/normandie\/wp-json\/wp\/v2\/types\/post"}],"author":[{"embeddable":true,"href":"https:\/\/sites.ffkarate.fr\/normandie\/wp-json\/wp\/v2\/users\/57"}],"replies":[{"embeddable":true,"href":"https:\/\/sites.ffkarate.fr\/normandie\/wp-json\/wp\/v2\/comments?post=8822"}],"version-history":[{"count":2,"href":"https:\/\/sites.ffkarate.fr\/normandie\/wp-json\/wp\/v2\/posts\/8822\/revisions"}],"predecessor-version":[{"id":8824,"href":"https:\/\/sites.ffkarate.fr\/normandie\/wp-json\/wp\/v2\/posts\/8822\/revisions\/8824"}],"wp:featuredmedia":[{"embeddable":true,"href":"https:\/\/sites.ffkarate.fr\/normandie\/wp-json\/wp\/v2\/media\/8820"}],"wp:attachment":[{"href":"https:\/\/sites.ffkarate.fr\/normandie\/wp-json\/wp\/v2\/media?parent=8822"}],"wp:term":[{"taxonomy":"category","embeddable":true,"href":"https:\/\/sites.ffkarate.fr\/normandie\/wp-json\/wp\/v2\/categories?post=8822"},{"taxonomy":"post_tag","embeddable":true,"href":"https:\/\/sites.ffkarate.fr\/normandie\/wp-json\/wp\/v2\/tags?post=8822"}],"curies":[{"name":"wp","href":"https:\/\/api.w.org\/{rel}","templated":true}]}}