{"id":9056,"date":"2024-05-22T16:11:59","date_gmt":"2024-05-22T14:11:59","guid":{"rendered":"https:\/\/sites.ffkarate.fr\/normandie\/?p=9056"},"modified":"2024-05-22T16:11:59","modified_gmt":"2024-05-22T14:11:59","slug":"nombre-de-clubs-normands-affilies-a-la-federation-francaise-de-karate-et-disciplines-associees","status":"publish","type":"post","link":"https:\/\/sites.ffkarate.fr\/normandie\/2024\/05\/22\/nombre-de-clubs-normands-affilies-a-la-federation-francaise-de-karate-et-disciplines-associees\/","title":{"rendered":"Nombre de clubs normands, affili\u00e9s \u00e0 la F\u00e9d\u00e9ration Fran\u00e7aise de Karat\u00e9 et Disciplines Associ\u00e9es"},"content":{"rendered":"<div class=\"wpb-content-wrapper\"><p>[vc_row][vc_column][vc_column_text]<\/p>\n<div class=\"xdj266r x11i5rnm xat24cr x1mh8g0r x1vvkbs x126k92a\">\n<div dir=\"auto\">242 !<\/div>\n<\/div>\n<div class=\"x11i5rnm xat24cr x1mh8g0r x1vvkbs xtlvy1s x126k92a\">\n<div dir=\"auto\">Il s&rsquo;agit du nombre de clubs normands, affili\u00e9s \u00e0 la F\u00e9d\u00e9ration Fran\u00e7aise de Karat\u00e9 et Disciplines Associ\u00e9es, au 31 ao\u00fbt 2023 .<\/div>\n<\/div>\n<div class=\"x11i5rnm xat24cr x1mh8g0r x1vvkbs xtlvy1s x126k92a\">\n<div dir=\"auto\">A date, nous en comptons 250 <span class=\"html-span xexx8yu x4uap5 x18d9i69 xkhd6sd x1hl2dhg x16tdsg8 x1vvkbs x3nfvp2 x1j61x8r x1fcty0u xdj266r xhhsvwb xat24cr xgzva0m xxymvpz xlup9mm x1kky2od\"><img decoding=\"async\" class=\"xz74otr\" src=\"https:\/\/static.xx.fbcdn.net\/images\/emoji.php\/v9\/t58\/1\/16\/1f929.png\" alt=\"\ud83e\udd29\" width=\"16\" height=\"16\" \/><\/span><span class=\"html-span xexx8yu x4uap5 x18d9i69 xkhd6sd x1hl2dhg x16tdsg8 x1vvkbs x3nfvp2 x1j61x8r x1fcty0u xdj266r xhhsvwb xat24cr xgzva0m xxymvpz xlup9mm x1kky2od\"><img decoding=\"async\" class=\"xz74otr\" src=\"https:\/\/static.xx.fbcdn.net\/images\/emoji.php\/v9\/t6d\/1\/16\/1f973.png\" alt=\"\ud83e\udd73\" width=\"16\" height=\"16\" \/><\/span><\/div>\n<\/div>\n<div dir=\"auto\"><\/div>\n<div dir=\"auto\"><a href=\"https:\/\/sites.ffkarate.fr\/normandie\/wp-content\/uploads\/sites\/117\/2024\/05\/443835720_989210563210706_4836020838240994220_n.jpg\"><img decoding=\"async\" class=\"alignnone size-full wp-image-9057\" src=\"https:\/\/sites.ffkarate.fr\/normandie\/wp-content\/uploads\/sites\/117\/2024\/05\/443835720_989210563210706_4836020838240994220_n.jpg\" alt=\"\" width=\"1755\" height=\"1241\" srcset=\"https:\/\/sites.ffkarate.fr\/normandie\/wp-content\/uploads\/sites\/117\/2024\/05\/443835720_989210563210706_4836020838240994220_n.jpg 1755w, https:\/\/sites.ffkarate.fr\/normandie\/wp-content\/uploads\/sites\/117\/2024\/05\/443835720_989210563210706_4836020838240994220_n-300x212.jpg 300w, https:\/\/sites.ffkarate.fr\/normandie\/wp-content\/uploads\/sites\/117\/2024\/05\/443835720_989210563210706_4836020838240994220_n-1024x724.jpg 1024w, https:\/\/sites.ffkarate.fr\/normandie\/wp-content\/uploads\/sites\/117\/2024\/05\/443835720_989210563210706_4836020838240994220_n-768x543.jpg 768w, https:\/\/sites.ffkarate.fr\/normandie\/wp-content\/uploads\/sites\/117\/2024\/05\/443835720_989210563210706_4836020838240994220_n-1536x1086.jpg 1536w\" sizes=\"(max-width: 1755px) 100vw, 1755px\" \/><\/a><\/div>\n<p>[\/vc_column_text][\/vc_column][\/vc_row]<\/p>\n<\/div>","protected":false},"excerpt":{"rendered":"<p>[vc_row][vc_column][vc_column_text] 242 ! Il s&rsquo;agit du nombre de clubs normands, affili\u00e9s \u00e0 la F\u00e9d\u00e9ration Fran\u00e7aise de Karat\u00e9 et Disciplines Associ\u00e9es, au 31 ao\u00fbt 2023 . A date, nous en comptons 250 [\/vc_column_text][\/vc_column][\/vc_row]<\/p>\n","protected":false},"author":57,"featured_media":9055,"comment_status":"closed","ping_status":"closed","sticky":false,"template":"","format":"standard","meta":{"footnotes":""},"categories":[5],"tags":[],"class_list":["post-9056","post","type-post","status-publish","format-standard","hentry","category-actualites"],"_links":{"self":[{"href":"https:\/\/sites.ffkarate.fr\/normandie\/wp-json\/wp\/v2\/posts\/9056","targetHints":{"allow":["GET"]}}],"collection":[{"href":"https:\/\/sites.ffkarate.fr\/normandie\/wp-json\/wp\/v2\/posts"}],"about":[{"href":"https:\/\/sites.ffkarate.fr\/normandie\/wp-json\/wp\/v2\/types\/post"}],"author":[{"embeddable":true,"href":"https:\/\/sites.ffkarate.fr\/normandie\/wp-json\/wp\/v2\/users\/57"}],"replies":[{"embeddable":true,"href":"https:\/\/sites.ffkarate.fr\/normandie\/wp-json\/wp\/v2\/comments?post=9056"}],"version-history":[{"count":1,"href":"https:\/\/sites.ffkarate.fr\/normandie\/wp-json\/wp\/v2\/posts\/9056\/revisions"}],"predecessor-version":[{"id":9059,"href":"https:\/\/sites.ffkarate.fr\/normandie\/wp-json\/wp\/v2\/posts\/9056\/revisions\/9059"}],"wp:featuredmedia":[{"embeddable":true,"href":"https:\/\/sites.ffkarate.fr\/normandie\/wp-json\/wp\/v2\/media\/9055"}],"wp:attachment":[{"href":"https:\/\/sites.ffkarate.fr\/normandie\/wp-json\/wp\/v2\/media?parent=9056"}],"wp:term":[{"taxonomy":"category","embeddable":true,"href":"https:\/\/sites.ffkarate.fr\/normandie\/wp-json\/wp\/v2\/categories?post=9056"},{"taxonomy":"post_tag","embeddable":true,"href":"https:\/\/sites.ffkarate.fr\/normandie\/wp-json\/wp\/v2\/tags?post=9056"}],"curies":[{"name":"wp","href":"https:\/\/api.w.org\/{rel}","templated":true}]}}