{"id":9396,"date":"2024-08-22T17:51:06","date_gmt":"2024-08-22T15:51:06","guid":{"rendered":"https:\/\/sites.ffkarate.fr\/normandie\/?p=9396"},"modified":"2024-08-22T17:51:06","modified_gmt":"2024-08-22T15:51:06","slug":"deces-3","status":"publish","type":"post","link":"https:\/\/sites.ffkarate.fr\/normandie\/2024\/08\/22\/deces-3\/","title":{"rendered":"D\u00e9c\u00e8s"},"content":{"rendered":"<div class=\"wpb-content-wrapper\"><p>[vc_row][vc_column][vc_column_text]Nous sommes tr\u00e8s tristes d&rsquo;apprendre le d\u00e9c\u00e8s de notre Ami et pratiquant \u00e9m\u00e9rite Alain NGUYEN THANH NHAN, professeur et fondateur du Karat\u00e9 club de Touques. Il \u00e9tait \u00e9galement Tr\u00e9sorier du\u00a0<span class=\"html-span xdj266r x11i5rnm xat24cr x1mh8g0r xexx8yu x4uap5 x18d9i69 xkhd6sd x1hl2dhg x16tdsg8 x1vvkbs\"><a class=\"x1i10hfl xjbqb8w x1ejq31n xd10rxx x1sy0etr x17r0tee x972fbf xcfux6l x1qhh985 xm0m39n x9f619 x1ypdohk xt0psk2 xe8uvvx xdj266r x11i5rnm xat24cr x1mh8g0r xexx8yu x4uap5 x18d9i69 xkhd6sd x16tdsg8 x1hl2dhg xggy1nq x1a2a7pz x1sur9pj xkrqix3 xzsf02u x1s688f\" role=\"link\" href=\"https:\/\/www.facebook.com\/profile.php?id=100068967145908&amp;__cft__[0]=AZWD2MLV67_jIQT8HsECoPpGz-ZgQwgA8bdLBBMrSsDP7h18ShGZ69GVXSiNd_WeJO91P5bqvJHWS4Hh0SzFJn3s9iEkbCg51tU3gt-7Rsp_uNCutchVy5BIeWzkAVx4DfW6qKzy5_gVy5WesF7Nrbcb_EHSlrWXBVQ4CX9KCuO72lVt9upU51wimfyXkJmlsXGu1kmdXG6Hgm9BYD6hSSue&amp;__tn__=-]K*F\" target=\"_blank\" rel=\"noopener\"><span class=\"xt0psk2\">Comit\u00e9 du Calvados de karat\u00e9<\/span><\/a><\/span>.<br class=\"html-br\" \/>Il aura contribu\u00e9 au d\u00e9veloppement du karat\u00e9 avec une \u00e9nergie extraordinaire. Nous lui devons beaucoup et il nous manquera ind\u00e9niablement.<br class=\"html-br\" \/>Toutes nos pens\u00e9es affectueuses vont \u00e0 sa famille. Au nom de la\u00a0<span class=\"html-span xdj266r x11i5rnm xat24cr x1mh8g0r xexx8yu x4uap5 x18d9i69 xkhd6sd x1hl2dhg x16tdsg8 x1vvkbs\"><a class=\"x1i10hfl xjbqb8w x1ejq31n xd10rxx x1sy0etr x17r0tee x972fbf xcfux6l x1qhh985 xm0m39n x9f619 x1ypdohk xt0psk2 xe8uvvx xdj266r x11i5rnm xat24cr x1mh8g0r xexx8yu x4uap5 x18d9i69 xkhd6sd x16tdsg8 x1hl2dhg xggy1nq x1a2a7pz x1sur9pj xkrqix3 xzsf02u x1s688f\" role=\"link\" href=\"https:\/\/www.facebook.com\/liguedenormandiekarate?__cft__[0]=AZWD2MLV67_jIQT8HsECoPpGz-ZgQwgA8bdLBBMrSsDP7h18ShGZ69GVXSiNd_WeJO91P5bqvJHWS4Hh0SzFJn3s9iEkbCg51tU3gt-7Rsp_uNCutchVy5BIeWzkAVx4DfW6qKzy5_gVy5WesF7Nrbcb_EHSlrWXBVQ4CX9KCuO72lVt9upU51wimfyXkJmlsXGu1kmdXG6Hgm9BYD6hSSue&amp;__tn__=-]K*F\" target=\"_blank\" rel=\"noopener\"><span class=\"xt0psk2\">Ligue de Normandie Karat\u00e9<\/span><\/a><\/span>\u00a0et de l&rsquo;ensemble des clubs normands, nous lui pr\u00e9sentons nos sinc\u00e8res condol\u00e9ances.<br class=\"html-br\" \/><br class=\"html-br\" \/>Qu&rsquo;il repose en paix\u00a0<span class=\"html-span xexx8yu x4uap5 x18d9i69 xkhd6sd x1hl2dhg x16tdsg8 x1vvkbs x3nfvp2 x1j61x8r x1fcty0u xdj266r xat24cr xgzva0m xhhsvwb xxymvpz xlup9mm x1kky2od\"><img decoding=\"async\" class=\"xz74otr\" src=\"https:\/\/static.xx.fbcdn.net\/images\/emoji.php\/v9\/t80\/1\/16\/1f64f.png\" alt=\"\ud83d\ude4f\" width=\"16\" height=\"16\" \/><\/span><span class=\"html-span xexx8yu x4uap5 x18d9i69 xkhd6sd x1hl2dhg x16tdsg8 x1vvkbs x3nfvp2 x1j61x8r x1fcty0u xdj266r xat24cr xgzva0m xhhsvwb xxymvpz xlup9mm x1kky2od\"><img decoding=\"async\" class=\"xz74otr\" src=\"https:\/\/static.xx.fbcdn.net\/images\/emoji.php\/v9\/t70\/1\/16\/1f932.png\" alt=\"\ud83e\udd32\" width=\"16\" height=\"16\" \/><\/span><\/p>\n<p>&nbsp;<\/p>\n<p><a href=\"https:\/\/sites.ffkarate.fr\/normandie\/wp-content\/uploads\/sites\/117\/2024\/08\/456211999_1057806276351134_6101487384643847106_n.jpg\"><img decoding=\"async\" class=\"alignnone size-full wp-image-9395\" src=\"https:\/\/sites.ffkarate.fr\/normandie\/wp-content\/uploads\/sites\/117\/2024\/08\/456211999_1057806276351134_6101487384643847106_n.jpg\" alt=\"\" width=\"953\" height=\"2048\" srcset=\"https:\/\/sites.ffkarate.fr\/normandie\/wp-content\/uploads\/sites\/117\/2024\/08\/456211999_1057806276351134_6101487384643847106_n.jpg 953w, https:\/\/sites.ffkarate.fr\/normandie\/wp-content\/uploads\/sites\/117\/2024\/08\/456211999_1057806276351134_6101487384643847106_n-140x300.jpg 140w, https:\/\/sites.ffkarate.fr\/normandie\/wp-content\/uploads\/sites\/117\/2024\/08\/456211999_1057806276351134_6101487384643847106_n-477x1024.jpg 477w, https:\/\/sites.ffkarate.fr\/normandie\/wp-content\/uploads\/sites\/117\/2024\/08\/456211999_1057806276351134_6101487384643847106_n-768x1650.jpg 768w, https:\/\/sites.ffkarate.fr\/normandie\/wp-content\/uploads\/sites\/117\/2024\/08\/456211999_1057806276351134_6101487384643847106_n-715x1536.jpg 715w\" sizes=\"(max-width: 953px) 100vw, 953px\" \/><\/a>[\/vc_column_text][\/vc_column][\/vc_row]<\/p>\n<\/div>","protected":false},"excerpt":{"rendered":"<p>[vc_row][vc_column][vc_column_text]Nous sommes tr\u00e8s tristes d&rsquo;apprendre le d\u00e9c\u00e8s de notre Ami et pratiquant \u00e9m\u00e9rite Alain NGUYEN THANH NHAN, professeur et fondateur du Karat\u00e9 club de Touques. Il \u00e9tait \u00e9galement Tr\u00e9sorier du\u00a0Comit\u00e9 du Calvados de karat\u00e9.Il aura contribu\u00e9 au d\u00e9veloppement du karat\u00e9 avec une \u00e9nergie extraordinaire. Nous lui devons beaucoup et il nous manquera ind\u00e9niablement.Toutes nos pens\u00e9es [&hellip;]<\/p>\n","protected":false},"author":57,"featured_media":4048,"comment_status":"closed","ping_status":"closed","sticky":false,"template":"","format":"standard","meta":{"footnotes":""},"categories":[5],"tags":[],"class_list":["post-9396","post","type-post","status-publish","format-standard","hentry","category-actualites"],"_links":{"self":[{"href":"https:\/\/sites.ffkarate.fr\/normandie\/wp-json\/wp\/v2\/posts\/9396","targetHints":{"allow":["GET"]}}],"collection":[{"href":"https:\/\/sites.ffkarate.fr\/normandie\/wp-json\/wp\/v2\/posts"}],"about":[{"href":"https:\/\/sites.ffkarate.fr\/normandie\/wp-json\/wp\/v2\/types\/post"}],"author":[{"embeddable":true,"href":"https:\/\/sites.ffkarate.fr\/normandie\/wp-json\/wp\/v2\/users\/57"}],"replies":[{"embeddable":true,"href":"https:\/\/sites.ffkarate.fr\/normandie\/wp-json\/wp\/v2\/comments?post=9396"}],"version-history":[{"count":2,"href":"https:\/\/sites.ffkarate.fr\/normandie\/wp-json\/wp\/v2\/posts\/9396\/revisions"}],"predecessor-version":[{"id":9398,"href":"https:\/\/sites.ffkarate.fr\/normandie\/wp-json\/wp\/v2\/posts\/9396\/revisions\/9398"}],"wp:featuredmedia":[{"embeddable":true,"href":"https:\/\/sites.ffkarate.fr\/normandie\/wp-json\/wp\/v2\/media\/4048"}],"wp:attachment":[{"href":"https:\/\/sites.ffkarate.fr\/normandie\/wp-json\/wp\/v2\/media?parent=9396"}],"wp:term":[{"taxonomy":"category","embeddable":true,"href":"https:\/\/sites.ffkarate.fr\/normandie\/wp-json\/wp\/v2\/categories?post=9396"},{"taxonomy":"post_tag","embeddable":true,"href":"https:\/\/sites.ffkarate.fr\/normandie\/wp-json\/wp\/v2\/tags?post=9396"}],"curies":[{"name":"wp","href":"https:\/\/api.w.org\/{rel}","templated":true}]}}