{"id":9410,"date":"2024-08-25T10:29:09","date_gmt":"2024-08-25T08:29:09","guid":{"rendered":"https:\/\/sites.ffkarate.fr\/normandie\/?p=9410"},"modified":"2024-08-25T10:29:09","modified_gmt":"2024-08-25T08:29:09","slug":"presentation-francois-fenelon-expert-regional-8eme-dan","status":"publish","type":"post","link":"https:\/\/sites.ffkarate.fr\/normandie\/2024\/08\/25\/presentation-francois-fenelon-expert-regional-8eme-dan\/","title":{"rendered":"Pr\u00e9sentation Fran\u00e7ois F\u00c9NELON, Expert r\u00e9gional, 8\u00e8me Dan."},"content":{"rendered":"<div class=\"wpb-content-wrapper\"><p>[vc_row][vc_column][vc_column_text]Fran\u00e7ois F\u00c9NELON, Expert r\u00e9gional, 8\u00e8me Dan. La passion chevill\u00e9e au corps. Une vie rythm\u00e9e par et pour le Karat\u00e9. Un technicien exemplaire. Tr\u00e8s belle vid\u00e9o <span class=\"html-span xexx8yu x4uap5 x18d9i69 xkhd6sd x1hl2dhg x16tdsg8 x1vvkbs x3nfvp2 x1j61x8r x1fcty0u xdj266r xat24cr xgzva0m xhhsvwb xxymvpz xlup9mm x1kky2od\"><img decoding=\"async\" class=\"xz74otr\" src=\"https:\/\/static.xx.fbcdn.net\/images\/emoji.php\/v9\/tfe\/1\/16\/1f44f.png\" alt=\"\ud83d\udc4f\" width=\"16\" height=\"16\" \/><\/span><\/p>\n<div id=\"attachment_8692\" style=\"width: 186px\" class=\"wp-caption alignnone\"><a href=\"https:\/\/www.youtube.com\/watch?v=k_rT6wwHi38\" target=\"_blank\" rel=\"noopener\"><img decoding=\"async\" aria-describedby=\"caption-attachment-8692\" class=\"wp-image-8692 size-thumbnail\" src=\"https:\/\/sites.ffkarate.fr\/normandie\/wp-content\/uploads\/sites\/117\/2024\/03\/Fotolia_117855281_Subscription_Monthly_M-176x176.jpg\" alt=\"\" width=\"176\" height=\"176\" srcset=\"https:\/\/sites.ffkarate.fr\/normandie\/wp-content\/uploads\/sites\/117\/2024\/03\/Fotolia_117855281_Subscription_Monthly_M-176x176.jpg 176w, https:\/\/sites.ffkarate.fr\/normandie\/wp-content\/uploads\/sites\/117\/2024\/03\/Fotolia_117855281_Subscription_Monthly_M-300x300.jpg 300w, https:\/\/sites.ffkarate.fr\/normandie\/wp-content\/uploads\/sites\/117\/2024\/03\/Fotolia_117855281_Subscription_Monthly_M-1024x1024.jpg 1024w, https:\/\/sites.ffkarate.fr\/normandie\/wp-content\/uploads\/sites\/117\/2024\/03\/Fotolia_117855281_Subscription_Monthly_M-768x768.jpg 768w, https:\/\/sites.ffkarate.fr\/normandie\/wp-content\/uploads\/sites\/117\/2024\/03\/Fotolia_117855281_Subscription_Monthly_M-150x150.jpg 150w, https:\/\/sites.ffkarate.fr\/normandie\/wp-content\/uploads\/sites\/117\/2024\/03\/Fotolia_117855281_Subscription_Monthly_M.jpg 1378w\" sizes=\"(max-width: 176px) 100vw, 176px\" \/><\/a><p id=\"caption-attachment-8692\" class=\"wp-caption-text\">video camera logo design template. Vector illustration<\/p><\/div>\n<p>[\/vc_column_text][\/vc_column][\/vc_row]<\/p>\n<\/div>","protected":false},"excerpt":{"rendered":"<p>[vc_row][vc_column][vc_column_text]Fran\u00e7ois F\u00c9NELON, Expert r\u00e9gional, 8\u00e8me Dan. La passion chevill\u00e9e au corps. Une vie rythm\u00e9e par et pour le Karat\u00e9. Un technicien exemplaire. Tr\u00e8s belle vid\u00e9o [\/vc_column_text][\/vc_column][\/vc_row]<\/p>\n","protected":false},"author":57,"featured_media":9409,"comment_status":"closed","ping_status":"closed","sticky":false,"template":"","format":"standard","meta":{"footnotes":""},"categories":[5],"tags":[],"class_list":["post-9410","post","type-post","status-publish","format-standard","hentry","category-actualites"],"_links":{"self":[{"href":"https:\/\/sites.ffkarate.fr\/normandie\/wp-json\/wp\/v2\/posts\/9410","targetHints":{"allow":["GET"]}}],"collection":[{"href":"https:\/\/sites.ffkarate.fr\/normandie\/wp-json\/wp\/v2\/posts"}],"about":[{"href":"https:\/\/sites.ffkarate.fr\/normandie\/wp-json\/wp\/v2\/types\/post"}],"author":[{"embeddable":true,"href":"https:\/\/sites.ffkarate.fr\/normandie\/wp-json\/wp\/v2\/users\/57"}],"replies":[{"embeddable":true,"href":"https:\/\/sites.ffkarate.fr\/normandie\/wp-json\/wp\/v2\/comments?post=9410"}],"version-history":[{"count":2,"href":"https:\/\/sites.ffkarate.fr\/normandie\/wp-json\/wp\/v2\/posts\/9410\/revisions"}],"predecessor-version":[{"id":9412,"href":"https:\/\/sites.ffkarate.fr\/normandie\/wp-json\/wp\/v2\/posts\/9410\/revisions\/9412"}],"wp:featuredmedia":[{"embeddable":true,"href":"https:\/\/sites.ffkarate.fr\/normandie\/wp-json\/wp\/v2\/media\/9409"}],"wp:attachment":[{"href":"https:\/\/sites.ffkarate.fr\/normandie\/wp-json\/wp\/v2\/media?parent=9410"}],"wp:term":[{"taxonomy":"category","embeddable":true,"href":"https:\/\/sites.ffkarate.fr\/normandie\/wp-json\/wp\/v2\/categories?post=9410"},{"taxonomy":"post_tag","embeddable":true,"href":"https:\/\/sites.ffkarate.fr\/normandie\/wp-json\/wp\/v2\/tags?post=9410"}],"curies":[{"name":"wp","href":"https:\/\/api.w.org\/{rel}","templated":true}]}}