{"id":9422,"date":"2024-09-10T00:10:17","date_gmt":"2024-09-09T22:10:17","guid":{"rendered":"https:\/\/sites.ffkarate.fr\/normandie\/?p=9422"},"modified":"2024-09-10T00:10:17","modified_gmt":"2024-09-09T22:10:17","slug":"obseques-sensei-rosa","status":"publish","type":"post","link":"https:\/\/sites.ffkarate.fr\/normandie\/2024\/09\/10\/obseques-sensei-rosa\/","title":{"rendered":"OBS\u00c8QUES SENSE\u00cf ROSA"},"content":{"rendered":"<div class=\"wpb-content-wrapper\"><p>[vc_row][vc_column][vc_column_text]<\/p>\n<div class=\"x11i5rnm xat24cr x1mh8g0r x1vvkbs xtlvy1s x126k92a\">\n<div dir=\"auto\">\n<div class=\"x11i5rnm xat24cr x1mh8g0r x1vvkbs xtlvy1s x126k92a\">\n<div dir=\"auto\">L&rsquo;inhumation de feu Sense\u00ef Antoine ROSA se tiendra le lundi 16 septembre 2024.<\/div>\n<\/div>\n<div class=\"x11i5rnm xat24cr x1mh8g0r x1vvkbs xtlvy1s x126k92a\">\n<div dir=\"auto\">Mise en bi\u00e8re : fun\u00e9rarium de Petit-Quevilly (76140), 2 rue Paul Foliot \u00e0 14h15.<\/div>\n<\/div>\n<div class=\"x11i5rnm xat24cr x1mh8g0r x1vvkbs xtlvy1s x126k92a\">\n<div dir=\"auto\">Fermeture du cercueil et lev\u00e9e de corps \u00e0 14h45.<\/div>\n<\/div>\n<div class=\"x11i5rnm xat24cr x1mh8g0r x1vvkbs xtlvy1s x126k92a\">\n<div dir=\"auto\">C\u00e9r\u00e9monie religieuse \u00e0 l&rsquo;\u00e9glise centre, place de l\u2019\u00c9glise, de Saint-Etienne-du-Rouvray (76800) \u00e0 15h15.<\/div>\n<\/div>\n<div class=\"x11i5rnm xat24cr x1mh8g0r x1vvkbs xtlvy1s x126k92a\">\n<div dir=\"auto\">Inhumation au cimeti\u00e8re du Madrillet, \u00e0 Saint-Etienne-du-Rouvray (76800), rue de l&rsquo;Or\u00e9e du Bois, \u00e016h30.<\/div>\n<\/div>\n<div class=\"x11i5rnm xat24cr x1mh8g0r x1vvkbs xtlvy1s x126k92a\">\n<div dir=\"auto\">Les fleurs peuvent \u00eatre envoy\u00e9es \u00e0 l&rsquo;adresse suivante :<\/div>\n<\/div>\n<div class=\"x11i5rnm xat24cr x1mh8g0r x1vvkbs xtlvy1s x126k92a\">\n<div dir=\"auto\">Pompes fun\u00e8bres de Normandie<\/div>\n<div dir=\"auto\">2 rue Paul Foliot<\/div>\n<div dir=\"auto\">76140 Le PETIT-QUEVILLY<\/div>\n<\/div>\n<\/div>\n<\/div>\n<div dir=\"auto\"><\/div>\n<div dir=\"auto\"><a href=\"https:\/\/sites.ffkarate.fr\/normandie\/wp-content\/uploads\/sites\/117\/2024\/09\/458984577_1072441634887598_5495557891981664275_n.jpg\"><img decoding=\"async\" class=\"alignnone size-full wp-image-9423\" src=\"https:\/\/sites.ffkarate.fr\/normandie\/wp-content\/uploads\/sites\/117\/2024\/09\/458984577_1072441634887598_5495557891981664275_n.jpg\" alt=\"\" width=\"1920\" height=\"1553\" srcset=\"https:\/\/sites.ffkarate.fr\/normandie\/wp-content\/uploads\/sites\/117\/2024\/09\/458984577_1072441634887598_5495557891981664275_n.jpg 1920w, https:\/\/sites.ffkarate.fr\/normandie\/wp-content\/uploads\/sites\/117\/2024\/09\/458984577_1072441634887598_5495557891981664275_n-300x243.jpg 300w, https:\/\/sites.ffkarate.fr\/normandie\/wp-content\/uploads\/sites\/117\/2024\/09\/458984577_1072441634887598_5495557891981664275_n-1024x828.jpg 1024w, https:\/\/sites.ffkarate.fr\/normandie\/wp-content\/uploads\/sites\/117\/2024\/09\/458984577_1072441634887598_5495557891981664275_n-768x621.jpg 768w, https:\/\/sites.ffkarate.fr\/normandie\/wp-content\/uploads\/sites\/117\/2024\/09\/458984577_1072441634887598_5495557891981664275_n-1536x1242.jpg 1536w\" sizes=\"(max-width: 1920px) 100vw, 1920px\" \/><\/a><\/div>\n<p>[\/vc_column_text][\/vc_column][\/vc_row]<\/p>\n<\/div>","protected":false},"excerpt":{"rendered":"<p>[vc_row][vc_column][vc_column_text] L&rsquo;inhumation de feu Sense\u00ef Antoine ROSA se tiendra le lundi 16 septembre 2024. Mise en bi\u00e8re : fun\u00e9rarium de Petit-Quevilly (76140), 2 rue Paul Foliot \u00e0 14h15. Fermeture du cercueil et lev\u00e9e de corps \u00e0 14h45. C\u00e9r\u00e9monie religieuse \u00e0 l&rsquo;\u00e9glise centre, place de l\u2019\u00c9glise, de Saint-Etienne-du-Rouvray (76800) \u00e0 15h15. Inhumation au cimeti\u00e8re du Madrillet, [&hellip;]<\/p>\n","protected":false},"author":57,"featured_media":9421,"comment_status":"closed","ping_status":"closed","sticky":false,"template":"","format":"standard","meta":{"footnotes":""},"categories":[5],"tags":[],"class_list":["post-9422","post","type-post","status-publish","format-standard","hentry","category-actualites"],"_links":{"self":[{"href":"https:\/\/sites.ffkarate.fr\/normandie\/wp-json\/wp\/v2\/posts\/9422","targetHints":{"allow":["GET"]}}],"collection":[{"href":"https:\/\/sites.ffkarate.fr\/normandie\/wp-json\/wp\/v2\/posts"}],"about":[{"href":"https:\/\/sites.ffkarate.fr\/normandie\/wp-json\/wp\/v2\/types\/post"}],"author":[{"embeddable":true,"href":"https:\/\/sites.ffkarate.fr\/normandie\/wp-json\/wp\/v2\/users\/57"}],"replies":[{"embeddable":true,"href":"https:\/\/sites.ffkarate.fr\/normandie\/wp-json\/wp\/v2\/comments?post=9422"}],"version-history":[{"count":1,"href":"https:\/\/sites.ffkarate.fr\/normandie\/wp-json\/wp\/v2\/posts\/9422\/revisions"}],"predecessor-version":[{"id":9424,"href":"https:\/\/sites.ffkarate.fr\/normandie\/wp-json\/wp\/v2\/posts\/9422\/revisions\/9424"}],"wp:featuredmedia":[{"embeddable":true,"href":"https:\/\/sites.ffkarate.fr\/normandie\/wp-json\/wp\/v2\/media\/9421"}],"wp:attachment":[{"href":"https:\/\/sites.ffkarate.fr\/normandie\/wp-json\/wp\/v2\/media?parent=9422"}],"wp:term":[{"taxonomy":"category","embeddable":true,"href":"https:\/\/sites.ffkarate.fr\/normandie\/wp-json\/wp\/v2\/categories?post=9422"},{"taxonomy":"post_tag","embeddable":true,"href":"https:\/\/sites.ffkarate.fr\/normandie\/wp-json\/wp\/v2\/tags?post=9422"}],"curies":[{"name":"wp","href":"https:\/\/api.w.org\/{rel}","templated":true}]}}