{"id":9488,"date":"2024-09-24T10:01:21","date_gmt":"2024-09-24T08:01:21","guid":{"rendered":"https:\/\/sites.ffkarate.fr\/normandie\/?p=9488"},"modified":"2024-09-24T10:01:27","modified_gmt":"2024-09-24T08:01:27","slug":"nomination-des-entraineurs-regionaux-combat-et-kata","status":"publish","type":"post","link":"https:\/\/sites.ffkarate.fr\/normandie\/2024\/09\/24\/nomination-des-entraineurs-regionaux-combat-et-kata\/","title":{"rendered":"NOMINATION DES ENTRAINEURS REGIONAUX COMBAT ET KATA"},"content":{"rendered":"<div class=\"wpb-content-wrapper\"><p>[vc_row][vc_column][vc_column_text]<\/p>\n<div class=\"xdj266r x11i5rnm xat24cr x1mh8g0r x1vvkbs x126k92a\">\n<div dir=\"auto\">NOMINATION DES ENTRAINEURS REGIONAUX COMBAT ET KATA<\/div>\n<\/div>\n<div class=\"x11i5rnm xat24cr x1mh8g0r x1vvkbs xtlvy1s x126k92a\">\n<div dir=\"auto\">Sur proposition de notre DTR, nous sommes heureux de vous informer de la reconduction de Sabrina BUIL et d&rsquo;Adrien BOUILLY \u00e0 leur poste respectif en Kata et en Combat <span class=\"html-span xexx8yu x4uap5 x18d9i69 xkhd6sd x1hl2dhg x16tdsg8 x1vvkbs x3nfvp2 x1j61x8r x1fcty0u xdj266r xat24cr xgzva0m xhhsvwb xxymvpz xlup9mm x1kky2od\"><img decoding=\"async\" class=\"xz74otr\" src=\"https:\/\/static.xx.fbcdn.net\/images\/emoji.php\/v9\/t2\/1\/16\/1f60d.png\" alt=\"\ud83d\ude0d\" width=\"16\" height=\"16\" \/><\/span><\/div>\n<\/div>\n<div class=\"x11i5rnm xat24cr x1mh8g0r x1vvkbs xtlvy1s x126k92a\">\n<div dir=\"auto\">Nous leur souhaitons une belle r\u00e9ussite dans l&rsquo;accompagnement, la progression et le soutien des athl\u00e8tes normands <span class=\"html-span xexx8yu x4uap5 x18d9i69 xkhd6sd x1hl2dhg x16tdsg8 x1vvkbs x3nfvp2 x1j61x8r x1fcty0u xdj266r xat24cr xgzva0m xhhsvwb xxymvpz xlup9mm x1kky2od\"><img decoding=\"async\" class=\"xz74otr\" src=\"https:\/\/static.xx.fbcdn.net\/images\/emoji.php\/v9\/t80\/1\/16\/1f64f.png\" alt=\"\ud83d\ude4f\" width=\"16\" height=\"16\" \/><\/span><span class=\"html-span xexx8yu x4uap5 x18d9i69 xkhd6sd x1hl2dhg x16tdsg8 x1vvkbs x3nfvp2 x1j61x8r x1fcty0u xdj266r xat24cr xgzva0m xhhsvwb xxymvpz xlup9mm x1kky2od\"><img decoding=\"async\" class=\"xz74otr\" src=\"https:\/\/static.xx.fbcdn.net\/images\/emoji.php\/v9\/t79\/1\/16\/1f44a.png\" alt=\"\ud83d\udc4a\" width=\"16\" height=\"16\" \/><\/span><\/div>\n<\/div>\n<div dir=\"auto\"><\/div>\n<p><a href=\"https:\/\/sites.ffkarate.fr\/normandie\/wp-content\/uploads\/sites\/117\/2024\/09\/461178744_1084323907032704_4233807412045761420_n.jpg\"><img decoding=\"async\" class=\"alignnone size-full wp-image-9485\" src=\"https:\/\/sites.ffkarate.fr\/normandie\/wp-content\/uploads\/sites\/117\/2024\/09\/461178744_1084323907032704_4233807412045761420_n.jpg\" alt=\"\" width=\"410\" height=\"380\" srcset=\"https:\/\/sites.ffkarate.fr\/normandie\/wp-content\/uploads\/sites\/117\/2024\/09\/461178744_1084323907032704_4233807412045761420_n.jpg 410w, https:\/\/sites.ffkarate.fr\/normandie\/wp-content\/uploads\/sites\/117\/2024\/09\/461178744_1084323907032704_4233807412045761420_n-300x278.jpg 300w\" sizes=\"(max-width: 410px) 100vw, 410px\" \/><\/a><a href=\"https:\/\/sites.ffkarate.fr\/normandie\/wp-content\/uploads\/sites\/117\/2024\/09\/461232083_1084323987032696_1045687003412018620_n.jpg\"><img decoding=\"async\" class=\"alignnone size-full wp-image-9486\" src=\"https:\/\/sites.ffkarate.fr\/normandie\/wp-content\/uploads\/sites\/117\/2024\/09\/461232083_1084323987032696_1045687003412018620_n.jpg\" alt=\"\" width=\"400\" height=\"600\" srcset=\"https:\/\/sites.ffkarate.fr\/normandie\/wp-content\/uploads\/sites\/117\/2024\/09\/461232083_1084323987032696_1045687003412018620_n.jpg 400w, https:\/\/sites.ffkarate.fr\/normandie\/wp-content\/uploads\/sites\/117\/2024\/09\/461232083_1084323987032696_1045687003412018620_n-200x300.jpg 200w\" sizes=\"(max-width: 400px) 100vw, 400px\" \/><\/a>.[\/vc_column_text][\/vc_column][\/vc_row]<\/p>\n<\/div>","protected":false},"excerpt":{"rendered":"<p>[vc_row][vc_column][vc_column_text] NOMINATION DES ENTRAINEURS REGIONAUX COMBAT ET KATA Sur proposition de notre DTR, nous sommes heureux de vous informer de la reconduction de Sabrina BUIL et d&rsquo;Adrien BOUILLY \u00e0 leur poste respectif en Kata et en Combat Nous leur souhaitons une belle r\u00e9ussite dans l&rsquo;accompagnement, la progression et le soutien des athl\u00e8tes normands .[\/vc_column_text][\/vc_column][\/vc_row]<\/p>\n","protected":false},"author":57,"featured_media":130,"comment_status":"closed","ping_status":"closed","sticky":false,"template":"","format":"standard","meta":{"footnotes":""},"categories":[56],"tags":[],"class_list":["post-9488","post","type-post","status-publish","format-standard","hentry","category-entrainement-regional"],"_links":{"self":[{"href":"https:\/\/sites.ffkarate.fr\/normandie\/wp-json\/wp\/v2\/posts\/9488","targetHints":{"allow":["GET"]}}],"collection":[{"href":"https:\/\/sites.ffkarate.fr\/normandie\/wp-json\/wp\/v2\/posts"}],"about":[{"href":"https:\/\/sites.ffkarate.fr\/normandie\/wp-json\/wp\/v2\/types\/post"}],"author":[{"embeddable":true,"href":"https:\/\/sites.ffkarate.fr\/normandie\/wp-json\/wp\/v2\/users\/57"}],"replies":[{"embeddable":true,"href":"https:\/\/sites.ffkarate.fr\/normandie\/wp-json\/wp\/v2\/comments?post=9488"}],"version-history":[{"count":2,"href":"https:\/\/sites.ffkarate.fr\/normandie\/wp-json\/wp\/v2\/posts\/9488\/revisions"}],"predecessor-version":[{"id":9490,"href":"https:\/\/sites.ffkarate.fr\/normandie\/wp-json\/wp\/v2\/posts\/9488\/revisions\/9490"}],"wp:featuredmedia":[{"embeddable":true,"href":"https:\/\/sites.ffkarate.fr\/normandie\/wp-json\/wp\/v2\/media\/130"}],"wp:attachment":[{"href":"https:\/\/sites.ffkarate.fr\/normandie\/wp-json\/wp\/v2\/media?parent=9488"}],"wp:term":[{"taxonomy":"category","embeddable":true,"href":"https:\/\/sites.ffkarate.fr\/normandie\/wp-json\/wp\/v2\/categories?post=9488"},{"taxonomy":"post_tag","embeddable":true,"href":"https:\/\/sites.ffkarate.fr\/normandie\/wp-json\/wp\/v2\/tags?post=9488"}],"curies":[{"name":"wp","href":"https:\/\/api.w.org\/{rel}","templated":true}]}}