{"id":9737,"date":"2024-11-19T12:42:28","date_gmt":"2024-11-19T11:42:28","guid":{"rendered":"https:\/\/sites.ffkarate.fr\/normandie\/?p=9737"},"modified":"2024-11-19T12:43:34","modified_gmt":"2024-11-19T11:43:34","slug":"un-nouveau-partenaire-pour-la-saison-2024-2028","status":"publish","type":"post","link":"https:\/\/sites.ffkarate.fr\/normandie\/2024\/11\/19\/un-nouveau-partenaire-pour-la-saison-2024-2028\/","title":{"rendered":"Un nouveau partenaire pour la saison 2024\/2028."},"content":{"rendered":"<div class=\"wpb-content-wrapper\"><p>[vc_row][vc_column][vc_column_text]<a href=\"https:\/\/sites.ffkarate.fr\/normandie\/wp-content\/uploads\/sites\/117\/2024\/11\/467310561_1132281358903625_6464997610524259779_n-2.jpg\"><img decoding=\"async\" class=\"alignnone wp-image-9736\" src=\"https:\/\/sites.ffkarate.fr\/normandie\/wp-content\/uploads\/sites\/117\/2024\/11\/467310561_1132281358903625_6464997610524259779_n-2.jpg\" alt=\"\" width=\"400\" height=\"84\" srcset=\"https:\/\/sites.ffkarate.fr\/normandie\/wp-content\/uploads\/sites\/117\/2024\/11\/467310561_1132281358903625_6464997610524259779_n-2.jpg 389w, https:\/\/sites.ffkarate.fr\/normandie\/wp-content\/uploads\/sites\/117\/2024\/11\/467310561_1132281358903625_6464997610524259779_n-2-300x63.jpg 300w\" sizes=\"(max-width: 400px) 100vw, 400px\" \/><\/a><\/p>\n<p>&nbsp;<\/p>\n<p>Nous sommes heureux de compter un nouveau partenaire pour la saison 2024\/2028. Ce prestataire est \u00e9galement \u00e0 l&rsquo;\u00e9coute de l&rsquo;ensemble des clubs. N&rsquo;h\u00e9sitez pas \u00e0 le consulter pour vos projets d&rsquo;achat. Des tarifs pr\u00e9f\u00e9rentiels pourront \u00eatre appliqu\u00e9s en fonction de leur nature et de leur volume <span class=\"html-span xexx8yu x4uap5 x18d9i69 xkhd6sd x1hl2dhg x16tdsg8 x1vvkbs x3nfvp2 x1j61x8r x1fcty0u xdj266r xat24cr xgzva0m xhhsvwb xxymvpz xlup9mm x1kky2od\"><img decoding=\"async\" class=\"xz74otr\" src=\"https:\/\/static.xx.fbcdn.net\/images\/emoji.php\/v9\/t79\/1\/16\/1f44a.png\" alt=\"\ud83d\udc4a\" width=\"16\" height=\"16\" \/><\/span>[\/vc_column_text][\/vc_column][\/vc_row]<\/p>\n<\/div>","protected":false},"excerpt":{"rendered":"<p>[vc_row][vc_column][vc_column_text] &nbsp; Nous sommes heureux de compter un nouveau partenaire pour la saison 2024\/2028. Ce prestataire est \u00e9galement \u00e0 l&rsquo;\u00e9coute de l&rsquo;ensemble des clubs. N&rsquo;h\u00e9sitez pas \u00e0 le consulter pour vos projets d&rsquo;achat. Des tarifs pr\u00e9f\u00e9rentiels pourront \u00eatre appliqu\u00e9s en fonction de leur nature et de leur volume [\/vc_column_text][\/vc_column][\/vc_row]<\/p>\n","protected":false},"author":57,"featured_media":130,"comment_status":"closed","ping_status":"closed","sticky":false,"template":"","format":"standard","meta":{"footnotes":""},"categories":[5],"tags":[],"class_list":["post-9737","post","type-post","status-publish","format-standard","hentry","category-actualites"],"_links":{"self":[{"href":"https:\/\/sites.ffkarate.fr\/normandie\/wp-json\/wp\/v2\/posts\/9737","targetHints":{"allow":["GET"]}}],"collection":[{"href":"https:\/\/sites.ffkarate.fr\/normandie\/wp-json\/wp\/v2\/posts"}],"about":[{"href":"https:\/\/sites.ffkarate.fr\/normandie\/wp-json\/wp\/v2\/types\/post"}],"author":[{"embeddable":true,"href":"https:\/\/sites.ffkarate.fr\/normandie\/wp-json\/wp\/v2\/users\/57"}],"replies":[{"embeddable":true,"href":"https:\/\/sites.ffkarate.fr\/normandie\/wp-json\/wp\/v2\/comments?post=9737"}],"version-history":[{"count":3,"href":"https:\/\/sites.ffkarate.fr\/normandie\/wp-json\/wp\/v2\/posts\/9737\/revisions"}],"predecessor-version":[{"id":9740,"href":"https:\/\/sites.ffkarate.fr\/normandie\/wp-json\/wp\/v2\/posts\/9737\/revisions\/9740"}],"wp:featuredmedia":[{"embeddable":true,"href":"https:\/\/sites.ffkarate.fr\/normandie\/wp-json\/wp\/v2\/media\/130"}],"wp:attachment":[{"href":"https:\/\/sites.ffkarate.fr\/normandie\/wp-json\/wp\/v2\/media?parent=9737"}],"wp:term":[{"taxonomy":"category","embeddable":true,"href":"https:\/\/sites.ffkarate.fr\/normandie\/wp-json\/wp\/v2\/categories?post=9737"},{"taxonomy":"post_tag","embeddable":true,"href":"https:\/\/sites.ffkarate.fr\/normandie\/wp-json\/wp\/v2\/tags?post=9737"}],"curies":[{"name":"wp","href":"https:\/\/api.w.org\/{rel}","templated":true}]}}