{"id":4711,"date":"2023-09-11T10:59:47","date_gmt":"2023-09-11T08:59:47","guid":{"rendered":"https:\/\/sites.ffkarate.fr\/nouvelleaquitaine\/?p=4711"},"modified":"2023-09-11T13:15:13","modified_gmt":"2023-09-11T11:15:13","slug":"4711","status":"publish","type":"post","link":"https:\/\/sites.ffkarate.fr\/nouvelleaquitaine\/2023\/09\/11\/4711\/","title":{"rendered":""},"content":{"rendered":"<div class=\"wpb-content-wrapper\"><p>[vc_row][vc_column][vc_column_text]<\/p>\n<div dir=\"auto\">Fr\u00e9d\u00e9ric CESARO, Pr\u00e9sident de la LRNA et Mo\u00efse MORALES, Responsable R\u00e9gional de l&rsquo;Arbitrage de la LRNA sont au regret de vous annoncer le d\u00e9c\u00e8s de M. Patrice COQGIN, arbitre national, licenci\u00e9 en Haute Vienne et membre du collectif d&rsquo;arbitres de la LRNA.<\/div>\n<div dir=\"auto\">Patrice COQGIN a succomb\u00e9 \u00e0 une crise cardiaque le vendredi 08\/09\/2023.<\/div>\n<div dir=\"auto\">Les dirigeants, arbitres et techniciens de la Ligue Nouvelle Aquitaine pr\u00e9sentent leurs sinc\u00e8res condol\u00e9ances et adressent une chaleureuse pens\u00e9e \u00e0 sa famille.<\/div>\n<p>[\/vc_column_text][\/vc_column][\/vc_row]<\/p>\n<\/div>","protected":false},"excerpt":{"rendered":"<p>[vc_row][vc_column][vc_column_text] Fr\u00e9d\u00e9ric CESARO, Pr\u00e9sident de la LRNA et Mo\u00efse MORALES, Responsable R\u00e9gional de l&rsquo;Arbitrage de la LRNA sont au regret de vous annoncer le d\u00e9c\u00e8s de M. Patrice COQGIN, arbitre national, licenci\u00e9 en Haute Vienne et membre du collectif d&rsquo;arbitres de la LRNA. Patrice COQGIN a succomb\u00e9 \u00e0 une crise cardiaque le vendredi 08\/09\/2023. Les [&hellip;]<\/p>\n","protected":false},"author":33,"featured_media":4712,"comment_status":"closed","ping_status":"closed","sticky":false,"template":"","format":"standard","meta":{"footnotes":""},"categories":[9,1],"tags":[],"class_list":["post-4711","post","type-post","status-publish","format-standard","hentry","category-breves","category-non-classe"],"_links":{"self":[{"href":"https:\/\/sites.ffkarate.fr\/nouvelleaquitaine\/wp-json\/wp\/v2\/posts\/4711","targetHints":{"allow":["GET"]}}],"collection":[{"href":"https:\/\/sites.ffkarate.fr\/nouvelleaquitaine\/wp-json\/wp\/v2\/posts"}],"about":[{"href":"https:\/\/sites.ffkarate.fr\/nouvelleaquitaine\/wp-json\/wp\/v2\/types\/post"}],"author":[{"embeddable":true,"href":"https:\/\/sites.ffkarate.fr\/nouvelleaquitaine\/wp-json\/wp\/v2\/users\/33"}],"replies":[{"embeddable":true,"href":"https:\/\/sites.ffkarate.fr\/nouvelleaquitaine\/wp-json\/wp\/v2\/comments?post=4711"}],"version-history":[{"count":1,"href":"https:\/\/sites.ffkarate.fr\/nouvelleaquitaine\/wp-json\/wp\/v2\/posts\/4711\/revisions"}],"predecessor-version":[{"id":4713,"href":"https:\/\/sites.ffkarate.fr\/nouvelleaquitaine\/wp-json\/wp\/v2\/posts\/4711\/revisions\/4713"}],"wp:featuredmedia":[{"embeddable":true,"href":"https:\/\/sites.ffkarate.fr\/nouvelleaquitaine\/wp-json\/wp\/v2\/media\/4712"}],"wp:attachment":[{"href":"https:\/\/sites.ffkarate.fr\/nouvelleaquitaine\/wp-json\/wp\/v2\/media?parent=4711"}],"wp:term":[{"taxonomy":"category","embeddable":true,"href":"https:\/\/sites.ffkarate.fr\/nouvelleaquitaine\/wp-json\/wp\/v2\/categories?post=4711"},{"taxonomy":"post_tag","embeddable":true,"href":"https:\/\/sites.ffkarate.fr\/nouvelleaquitaine\/wp-json\/wp\/v2\/tags?post=4711"}],"curies":[{"name":"wp","href":"https:\/\/api.w.org\/{rel}","templated":true}]}}