{"id":5909,"date":"2026-09-01T12:06:27","date_gmt":"2026-09-01T10:06:27","guid":{"rendered":"https:\/\/sites.ffkarate.fr\/nouvelleaquitaine\/?p=5909"},"modified":"2026-09-01T12:20:34","modified_gmt":"2026-09-01T10:20:34","slug":"campus-des-clubs","status":"publish","type":"post","link":"https:\/\/sites.ffkarate.fr\/nouvelleaquitaine\/2026\/09\/01\/campus-des-clubs\/","title":{"rendered":"CAMPUS DES CLUBS"},"content":{"rendered":"<div class=\"wpb-content-wrapper\"><p>[vc_row][vc_column][vc_column_text]<\/p>\n<div class=\"x14z9mp xat24cr x1lziwak x1vvkbs xtlvy1s x126k92a\">\n<div dir=\"auto\">Un rendez-vous plac\u00e9 sous le signe de la transmission, du partage, de l&rsquo;\u00e9change et du d\u00e9veloppement de nos clubs.<\/div>\n<div dir=\"auto\"><\/div>\n<\/div>\n<div class=\"x14z9mp xat24cr x1lziwak x1vvkbs xtlvy1s x126k92a\">\n<div dir=\"auto\"><span class=\"html-span xexx8yu xyri2b x18d9i69 x1c1uobl x1hl2dhg x16tdsg8 x1vvkbs x3nfvp2 x1j61x8r x1fcty0u xdj266r xat24cr xm2jcoa x1mpyi22 xxymvpz xlup9mm x1kky2od\"><img decoding=\"async\" class=\"xz74otr x15mokao x1ga7v0g x16uus16 xbiv7yw\" src=\"https:\/\/static.xx.fbcdn.net\/images\/emoji.php\/v9\/t33\/1\/16\/2705.png\" alt=\"\u2705\" width=\"16\" height=\"16\" \/><\/span> Ouvert \u00e0 tous les licenci\u00e9s FFK quelque soit leur club d&rsquo;appartenance, Nouvelle Aquitaine ou pas !<\/div>\n<\/div>\n<div class=\"x14z9mp xat24cr x1lziwak x1vvkbs xtlvy1s x126k92a\">\n<div dir=\"auto\"><span class=\"html-span xexx8yu xyri2b x18d9i69 x1c1uobl x1hl2dhg x16tdsg8 x1vvkbs x3nfvp2 x1j61x8r x1fcty0u xdj266r xat24cr xm2jcoa x1mpyi22 xxymvpz xlup9mm x1kky2od\"><img decoding=\"async\" class=\"xz74otr x15mokao x1ga7v0g x16uus16 xbiv7yw\" src=\"https:\/\/static.xx.fbcdn.net\/images\/emoji.php\/v9\/t7e\/1\/16\/1f4c5.png\" alt=\"\ud83d\udcc5\" width=\"16\" height=\"16\" \/><\/span> 12 &amp; 13 septembre 2026<\/div>\n<div dir=\"auto\"><span class=\"html-span xexx8yu xyri2b x18d9i69 x1c1uobl x1hl2dhg x16tdsg8 x1vvkbs x3nfvp2 x1j61x8r x1fcty0u xdj266r xat24cr xm2jcoa x1mpyi22 xxymvpz xlup9mm x1kky2od\"><img decoding=\"async\" class=\"xz74otr x15mokao x1ga7v0g x16uus16 xbiv7yw\" src=\"https:\/\/static.xx.fbcdn.net\/images\/emoji.php\/v9\/t2d\/1\/16\/1f4cd.png\" alt=\"\ud83d\udccd\" width=\"16\" height=\"16\" \/><\/span> Complexe Sportif Michel Amand \u2013 Poitiers<\/div>\n<div dir=\"auto\">.<\/div>\n<div dir=\"auto\">Des experts issus de diff\u00e9rentes disciplines, de diff\u00e9rents horizons et surtout de notre territoire, r\u00e9unis autour d\u2019un m\u00eame objectif : enrichir nos pratiques et faire progresser nos clubs.<\/div>\n<\/div>\n<div class=\"x14z9mp xat24cr x1lziwak x1vvkbs xtlvy1s x126k92a\">\n<div dir=\"auto\"><span class=\"html-span xexx8yu xyri2b x18d9i69 x1c1uobl x1hl2dhg x16tdsg8 x1vvkbs x3nfvp2 x1j61x8r x1fcty0u xdj266r xat24cr xm2jcoa x1mpyi22 xxymvpz xlup9mm x1kky2od\"><img decoding=\"async\" class=\"xz74otr x15mokao x1ga7v0g x16uus16 xbiv7yw\" src=\"https:\/\/static.xx.fbcdn.net\/images\/emoji.php\/v9\/t3f\/1\/16\/1f94b.png\" alt=\"\ud83e\udd4b\" width=\"16\" height=\"16\" \/><\/span> Karat\u00e9 Do<\/div>\n<div dir=\"auto\"><span class=\"html-span xexx8yu xyri2b x18d9i69 x1c1uobl x1hl2dhg x16tdsg8 x1vvkbs x3nfvp2 x1j61x8r x1fcty0u xdj266r xat24cr xm2jcoa x1mpyi22 xxymvpz xlup9mm x1kky2od\"><img decoding=\"async\" class=\"xz74otr x15mokao x1ga7v0g x16uus16 xbiv7yw\" src=\"https:\/\/static.xx.fbcdn.net\/images\/emoji.php\/v9\/tbe\/1\/16\/1f3c6.png\" alt=\"\ud83c\udfc6\" width=\"16\" height=\"16\" \/><\/span>Karat\u00e9 Comp\u00e9tition (Kumite &amp; Kata)<\/div>\n<div dir=\"auto\"><span class=\"html-span xexx8yu xyri2b x18d9i69 x1c1uobl x1hl2dhg x16tdsg8 x1vvkbs x3nfvp2 x1j61x8r x1fcty0u xdj266r xat24cr xm2jcoa x1mpyi22 xxymvpz xlup9mm x1kky2od\"><img decoding=\"async\" class=\"xz74otr x15mokao x1ga7v0g x16uus16 xbiv7yw\" src=\"https:\/\/static.xx.fbcdn.net\/images\/emoji.php\/v9\/t3a\/1\/16\/1f6e1.png\" alt=\"\ud83d\udee1\ufe0f\" width=\"16\" height=\"16\" \/><\/span> Karat\u00e9 D\u00e9fense Training &#8211; Krav Maga &#8211; Karat\u00e9 Mix<\/div>\n<div dir=\"auto\"><span class=\"html-span xexx8yu xyri2b x18d9i69 x1c1uobl x1hl2dhg x16tdsg8 x1vvkbs x3nfvp2 x1j61x8r x1fcty0u xdj266r xat24cr xm2jcoa x1mpyi22 xxymvpz xlup9mm x1kky2od\"><img decoding=\"async\" class=\"xz74otr x15mokao x1ga7v0g x16uus16 xbiv7yw\" src=\"https:\/\/static.xx.fbcdn.net\/images\/emoji.php\/v9\/tbe\/1\/16\/1f94a.png\" alt=\"\ud83e\udd4a\" width=\"16\" height=\"16\" \/><\/span> Karat\u00e9 Contact et Karat\u00e9 Full Contact<\/div>\n<div dir=\"auto\"><span class=\"html-span xexx8yu xyri2b x18d9i69 x1c1uobl x1hl2dhg x16tdsg8 x1vvkbs x3nfvp2 x1j61x8r x1fcty0u xdj266r xat24cr xm2jcoa x1mpyi22 xxymvpz xlup9mm x1kky2od\"><img decoding=\"async\" class=\"xz74otr x15mokao x1ga7v0g x16uus16 xbiv7yw\" src=\"https:\/\/static.xx.fbcdn.net\/images\/emoji.php\/v9\/te5\/1\/16\/1f9d8.png\" alt=\"\ud83e\uddd8\" width=\"16\" height=\"16\" \/><\/span> Yoseikan Budo &#8211; Arts Martiaux Vietnamiens<\/div>\n<div dir=\"auto\"><span class=\"html-span xexx8yu xyri2b x18d9i69 x1c1uobl x1hl2dhg x16tdsg8 x1vvkbs x3nfvp2 x1j61x8r x1fcty0u xdj266r xat24cr xm2jcoa x1mpyi22 xxymvpz xlup9mm x1kky2od\"><img decoding=\"async\" class=\"xz74otr x15mokao x1ga7v0g x16uus16 xbiv7yw\" src=\"https:\/\/static.xx.fbcdn.net\/images\/emoji.php\/v9\/td5\/1\/16\/1f9d8_200d_2642.png\" alt=\"\ud83e\uddd8\u200d\u2642\ufe0f\" width=\"16\" height=\"16\" \/><\/span>Arts Martiaux Sant\u00e9<\/div>\n<\/div>\n<div class=\"x14z9mp xat24cr x1lziwak x1vvkbs xtlvy1s x126k92a\">\n<div dir=\"auto\">\n<p><span class=\"html-span xexx8yu xyri2b x18d9i69 x1c1uobl x1hl2dhg x16tdsg8 x1vvkbs x3nfvp2 x1j61x8r x1fcty0u xdj266r xat24cr xm2jcoa x1mpyi22 xxymvpz xlup9mm x1kky2od\"><img decoding=\"async\" class=\"xz74otr x15mokao x1ga7v0g x16uus16 xbiv7yw\" src=\"https:\/\/static.xx.fbcdn.net\/images\/emoji.php\/v9\/t51\/1\/16\/1f449.png\" alt=\"\ud83d\udc49\" width=\"16\" height=\"16\" \/><\/span>Les inscriptions sont ouvertes ! <span class=\"html-span xdj266r x14z9mp xat24cr x1lziwak xexx8yu xyri2b x18d9i69 x1c1uobl x1hl2dhg x16tdsg8 x1vvkbs\"><a class=\"x1i10hfl xjbqb8w x1ejq31n x18oe1m7 x1sy0etr xstzfhl x972fbf x10w94by x1qhh985 x14e42zd x9f619 x1ypdohk xt0psk2 x3ct3a4 xdj266r x14z9mp xat24cr x1lziwak xexx8yu xyri2b x18d9i69 x1c1uobl x16tdsg8 x1hl2dhg xggy1nq x1a2a7pz xkrqix3 x1sur9pj x1fey0fg x1s688f\" tabindex=\"0\" role=\"link\" href=\"https:\/\/forms.gle\/hKdkaWbiEidfjyre9?fbclid=IwcGRvZgFleHRuA2FlbQIxMABicmlkETEzTTRzZGpWUnJNbUt3SnEwc3J0YwZhcHBfaWQQMjIyMDM5MTc4ODIwMDg5MgABHjA6V1-eQynE4MpZ7hY5lBay3xAIVZB50zBsTz5aRkxGBxf1E0G6GTo74X8J_aem_CT8SkIj1aQ7X2xx471T1lA\" target=\"_blank\" rel=\"nofollow noopener noreferrer\">https:\/\/forms.gle\/hKdkaWbiEidfjyre9<\/a>\u00a0 ou QR Code<\/span><\/p>\n<div>\n<div id=\"mikin1tay2m_2\" class=\"mcafee_green\" tabindex=\"0\">Parce que la richesse de notre Ligue, c\u2019est aussi la diversit\u00e9 de ses comp\u00e9tences et de ses passionn\u00e9s. <span class=\"html-span xexx8yu xyri2b x18d9i69 x1c1uobl x1hl2dhg x16tdsg8 x1vvkbs x3nfvp2 x1j61x8r x1fcty0u xdj266r xat24cr xm2jcoa x1mpyi22 xxymvpz xlup9mm x1kky2od\"><img decoding=\"async\" class=\"xz74otr x15mokao x1ga7v0g x16uus16 xbiv7yw\" src=\"https:\/\/static.xx.fbcdn.net\/images\/emoji.php\/v9\/t6c\/1\/16\/1f499.png\" alt=\"\ud83d\udc99\" width=\"16\" height=\"16\" \/><\/span><span class=\"html-span xexx8yu xyri2b x18d9i69 x1c1uobl x1hl2dhg x16tdsg8 x1vvkbs x3nfvp2 x1j61x8r x1fcty0u xdj266r xat24cr xm2jcoa x1mpyi22 xxymvpz xlup9mm x1kky2od\"><img decoding=\"async\" class=\"xz74otr x15mokao x1ga7v0g x16uus16 xbiv7yw\" src=\"https:\/\/static.xx.fbcdn.net\/images\/emoji.php\/v9\/t15\/1\/16\/1f49b.png\" alt=\"\ud83d\udc9b\" width=\"16\" height=\"16\" \/><\/span><\/div>\n<\/div>\n<\/div>\n<\/div>\n<p>[\/vc_column_text][\/vc_column][\/vc_row]<\/p>\n<\/div>","protected":false},"excerpt":{"rendered":"<p>[vc_row][vc_column][vc_column_text] Un rendez-vous plac\u00e9 sous le signe de la transmission, du partage, de l&rsquo;\u00e9change et du d\u00e9veloppement de nos clubs. Ouvert \u00e0 tous les licenci\u00e9s FFK quelque soit leur club d&rsquo;appartenance, Nouvelle Aquitaine ou pas ! 12 &amp; 13 septembre 2026 Complexe Sportif Michel Amand \u2013 Poitiers . Des experts issus de diff\u00e9rentes disciplines, de [&hellip;]<\/p>\n","protected":false},"author":33,"featured_media":5914,"comment_status":"open","ping_status":"open","sticky":false,"template":"","format":"standard","meta":{"footnotes":""},"categories":[18],"tags":[],"class_list":["post-5909","post","type-post","status-publish","format-standard","hentry","category-vie-des-clubs"],"_links":{"self":[{"href":"https:\/\/sites.ffkarate.fr\/nouvelleaquitaine\/wp-json\/wp\/v2\/posts\/5909","targetHints":{"allow":["GET"]}}],"collection":[{"href":"https:\/\/sites.ffkarate.fr\/nouvelleaquitaine\/wp-json\/wp\/v2\/posts"}],"about":[{"href":"https:\/\/sites.ffkarate.fr\/nouvelleaquitaine\/wp-json\/wp\/v2\/types\/post"}],"author":[{"embeddable":true,"href":"https:\/\/sites.ffkarate.fr\/nouvelleaquitaine\/wp-json\/wp\/v2\/users\/33"}],"replies":[{"embeddable":true,"href":"https:\/\/sites.ffkarate.fr\/nouvelleaquitaine\/wp-json\/wp\/v2\/comments?post=5909"}],"version-history":[{"count":1,"href":"https:\/\/sites.ffkarate.fr\/nouvelleaquitaine\/wp-json\/wp\/v2\/posts\/5909\/revisions"}],"predecessor-version":[{"id":5912,"href":"https:\/\/sites.ffkarate.fr\/nouvelleaquitaine\/wp-json\/wp\/v2\/posts\/5909\/revisions\/5912"}],"wp:featuredmedia":[{"embeddable":true,"href":"https:\/\/sites.ffkarate.fr\/nouvelleaquitaine\/wp-json\/wp\/v2\/media\/5914"}],"wp:attachment":[{"href":"https:\/\/sites.ffkarate.fr\/nouvelleaquitaine\/wp-json\/wp\/v2\/media?parent=5909"}],"wp:term":[{"taxonomy":"category","embeddable":true,"href":"https:\/\/sites.ffkarate.fr\/nouvelleaquitaine\/wp-json\/wp\/v2\/categories?post=5909"},{"taxonomy":"post_tag","embeddable":true,"href":"https:\/\/sites.ffkarate.fr\/nouvelleaquitaine\/wp-json\/wp\/v2\/tags?post=5909"}],"curies":[{"name":"wp","href":"https:\/\/api.w.org\/{rel}","templated":true}]}}