{"id":1220,"date":"2018-05-04T12:21:51","date_gmt":"2018-05-04T10:21:51","guid":{"rendered":"https:\/\/sites.ffkarate.fr\/occitanie\/?post_type=news&amp;p=1220"},"modified":"2018-05-04T12:21:51","modified_gmt":"2018-05-04T10:21:51","slug":"stage-expert-mochizuki-valera","status":"publish","type":"post","link":"https:\/\/sites.ffkarate.fr\/occitanie\/2018\/05\/04\/stage-expert-mochizuki-valera\/","title":{"rendered":"Stage Expert  Mochizuki-Val\u00e9ra le 12 Mai"},"content":{"rendered":"<div class=\"wpb-content-wrapper\"><p>[vc_row][vc_column][vc_column_text]Stage anim\u00e9 par Hiroo MOCHIZUKI &amp; Dominique VALERA Experts F\u00e9d\u00e9raux<!--more--><\/p>\n<p><a href=\"https:\/\/sites.ffkarate.fr\/occitanie\/wp-content\/uploads\/sites\/110\/2018\/05\/Valera_Mochizuki-Mai-18.jpg\"><img decoding=\"async\" class=\"alignnone size-medium wp-image-1216\" src=\"https:\/\/sites.ffkarate.fr\/occitanie\/wp-content\/uploads\/sites\/110\/2018\/05\/Valera_Mochizuki-Mai-18-215x300.jpg\" alt=\"Valera_Mochizuki-Mai-18\" width=\"215\" height=\"300\" \/><\/a><\/p>\n<p><strong>Samedi 12 Mai 2018<\/strong><\/p>\n<p>10h-12h\/15h-17h<\/p>\n<p>Salle L\u00e9o Lagrange \u00e0 Toulouse (31)<\/p>\n<p><span style=\"text-decoration: underline\"><a href=\"https:\/\/sites.ffkarate.fr\/occitanie\/wp-content\/uploads\/sites\/110\/2018\/05\/Stage_Valera_Mochizuki_Mai-18.pdf\">T\u00e9l\u00e9charger l&rsquo;affiche du stage<\/a><\/span><\/p>\n<p>&nbsp;<\/p>\n<p>&nbsp;[\/vc_column_text][\/vc_column][\/vc_row]<\/p>\n<\/div>","protected":false},"excerpt":{"rendered":"<p>[vc_row][vc_column][vc_column_text]Stage anim\u00e9 par Hiroo MOCHIZUKI &amp; Dominique VALERA Experts F\u00e9d\u00e9raux<\/p>\n","protected":false},"author":20,"featured_media":0,"comment_status":"closed","ping_status":"closed","sticky":false,"template":"","format":"standard","meta":{"footnotes":""},"categories":[1],"tags":[],"class_list":["post-1220","post","type-post","status-publish","format-standard","hentry","category-non-classe"],"_links":{"self":[{"href":"https:\/\/sites.ffkarate.fr\/occitanie\/wp-json\/wp\/v2\/posts\/1220","targetHints":{"allow":["GET"]}}],"collection":[{"href":"https:\/\/sites.ffkarate.fr\/occitanie\/wp-json\/wp\/v2\/posts"}],"about":[{"href":"https:\/\/sites.ffkarate.fr\/occitanie\/wp-json\/wp\/v2\/types\/post"}],"author":[{"embeddable":true,"href":"https:\/\/sites.ffkarate.fr\/occitanie\/wp-json\/wp\/v2\/users\/20"}],"replies":[{"embeddable":true,"href":"https:\/\/sites.ffkarate.fr\/occitanie\/wp-json\/wp\/v2\/comments?post=1220"}],"version-history":[{"count":0,"href":"https:\/\/sites.ffkarate.fr\/occitanie\/wp-json\/wp\/v2\/posts\/1220\/revisions"}],"wp:attachment":[{"href":"https:\/\/sites.ffkarate.fr\/occitanie\/wp-json\/wp\/v2\/media?parent=1220"}],"wp:term":[{"taxonomy":"category","embeddable":true,"href":"https:\/\/sites.ffkarate.fr\/occitanie\/wp-json\/wp\/v2\/categories?post=1220"},{"taxonomy":"post_tag","embeddable":true,"href":"https:\/\/sites.ffkarate.fr\/occitanie\/wp-json\/wp\/v2\/tags?post=1220"}],"curies":[{"name":"wp","href":"https:\/\/api.w.org\/{rel}","templated":true}]}}