{"id":1339,"date":"2018-09-05T13:22:17","date_gmt":"2018-09-05T11:22:17","guid":{"rendered":"https:\/\/sites.ffkarate.fr\/occitanie\/?post_type=news&amp;p=1339"},"modified":"2018-09-05T13:22:17","modified_gmt":"2018-09-05T11:22:17","slug":"rentree-20182019","status":"publish","type":"post","link":"https:\/\/sites.ffkarate.fr\/occitanie\/2018\/09\/05\/rentree-20182019\/","title":{"rendered":"Rentr\u00e9e 2018\/2019"},"content":{"rendered":"<div class=\"wpb-content-wrapper\"><p>[vc_row][vc_column][vc_column_text]Mr Robert DEBACK, Pr\u00e9sident de la Ligue Occitanie de Karat\u00e9 et Disciplines Associ\u00e9es, l&rsquo;ensemble des membres du Comit\u00e9 Directeur de la LRO et l&rsquo;Equipe Technique R\u00e9gionale vous souhaitent une Bonne Rentr\u00e9e Sportive et Martiale pour la saison 2018\/2019.<\/p>\n<p><a href=\"https:\/\/sites.ffkarate.fr\/occitanie\/wp-content\/uploads\/sites\/110\/2018\/09\/RENTREE-2018-LRO.jpg\"><img decoding=\"async\" class=\"aligncenter size-full wp-image-1338\" src=\"https:\/\/sites.ffkarate.fr\/occitanie\/wp-content\/uploads\/sites\/110\/2018\/09\/RENTREE-2018-LRO.jpg\" alt=\"RENTREE 2018 LRO\" width=\"657\" height=\"342\" \/><\/a>[\/vc_column_text][\/vc_column][\/vc_row]<\/p>\n<\/div>","protected":false},"excerpt":{"rendered":"<p>[vc_row][vc_column][vc_column_text]Mr Robert DEBACK, Pr\u00e9sident de la Ligue Occitanie de Karat\u00e9 et Disciplines Associ\u00e9es, l&rsquo;ensemble des membres du Comit\u00e9 Directeur de la LRO et l&rsquo;Equipe Technique R\u00e9gionale vous souhaitent une Bonne Rentr\u00e9e Sportive et Martiale pour la saison 2018\/2019. [\/vc_column_text][\/vc_column][\/vc_row]<\/p>\n","protected":false},"author":20,"featured_media":0,"comment_status":"closed","ping_status":"closed","sticky":false,"template":"","format":"standard","meta":{"footnotes":""},"categories":[1],"tags":[],"class_list":["post-1339","post","type-post","status-publish","format-standard","hentry","category-non-classe"],"_links":{"self":[{"href":"https:\/\/sites.ffkarate.fr\/occitanie\/wp-json\/wp\/v2\/posts\/1339","targetHints":{"allow":["GET"]}}],"collection":[{"href":"https:\/\/sites.ffkarate.fr\/occitanie\/wp-json\/wp\/v2\/posts"}],"about":[{"href":"https:\/\/sites.ffkarate.fr\/occitanie\/wp-json\/wp\/v2\/types\/post"}],"author":[{"embeddable":true,"href":"https:\/\/sites.ffkarate.fr\/occitanie\/wp-json\/wp\/v2\/users\/20"}],"replies":[{"embeddable":true,"href":"https:\/\/sites.ffkarate.fr\/occitanie\/wp-json\/wp\/v2\/comments?post=1339"}],"version-history":[{"count":0,"href":"https:\/\/sites.ffkarate.fr\/occitanie\/wp-json\/wp\/v2\/posts\/1339\/revisions"}],"wp:attachment":[{"href":"https:\/\/sites.ffkarate.fr\/occitanie\/wp-json\/wp\/v2\/media?parent=1339"}],"wp:term":[{"taxonomy":"category","embeddable":true,"href":"https:\/\/sites.ffkarate.fr\/occitanie\/wp-json\/wp\/v2\/categories?post=1339"},{"taxonomy":"post_tag","embeddable":true,"href":"https:\/\/sites.ffkarate.fr\/occitanie\/wp-json\/wp\/v2\/tags?post=1339"}],"curies":[{"name":"wp","href":"https:\/\/api.w.org\/{rel}","templated":true}]}}