{"id":1735,"date":"2019-05-20T10:38:24","date_gmt":"2019-05-20T08:38:24","guid":{"rendered":"https:\/\/sites.ffkarate.fr\/occitanie\/?post_type=news&amp;p=1735"},"modified":"2019-05-20T10:38:24","modified_gmt":"2019-05-20T08:38:24","slug":"les-arbitres-de-la-region-occitanie","status":"publish","type":"post","link":"https:\/\/sites.ffkarate.fr\/occitanie\/2019\/05\/20\/les-arbitres-de-la-region-occitanie\/","title":{"rendered":"Les Arbitres de la R\u00e9gion Occitanie"},"content":{"rendered":"<div class=\"wpb-content-wrapper\"><p>[vc_row][vc_column][vc_column_text]<\/p>\n<h1>Retour sur les exploits de nos arbitres r\u00e9gionaux<\/h1>\n<ul>\n<li><strong>Challenge national jeune arbitre kata les 4 et 5 mai \u00e0 Saint Quentin dans l&rsquo;Aisne\u00a0 :\u00a0<\/strong>Participation Mariam Oulhint en \u00e9lite et Enzo Mounsaveng qui termine 3\u00e8meme dans la cat\u00e9gorie honneur. Une belle performance pour sa 1\u00e8re ann\u00e9e d&rsquo;arbitrage!<\/li>\n<\/ul>\n<p><a href=\"https:\/\/sites.ffkarate.fr\/occitanie\/wp-content\/uploads\/sites\/119\/2019\/05\/IMG_20190505_092444.jpg\"><img decoding=\"async\" class=\"alignnone size-medium wp-image-1737\" src=\"https:\/\/sites.ffkarate.fr\/occitanie\/wp-content\/uploads\/sites\/119\/2019\/05\/IMG_20190505_092444-225x300.jpg\" alt=\"IMG_20190505_092444\" width=\"225\" height=\"300\" \/><\/a><\/p>\n<p>&nbsp;<\/p>\n<ul>\n<li><strong>Challenge national jeune arbitre combat \u00e0 Villebon sur Yvette les 11 et 12 mai<\/strong>.<\/li>\n<\/ul>\n<div dir=\"auto\">La ligue Occitanie pr\u00e9sentait 6 candidats en cat\u00e9gorie \u00e9lite. Comme la saison pr\u00e9c\u00e9dente les jeunes arbitres de la ligue Occitanie se caisse 1er et 2\u00e8me du challenge combat. Bravo \u00e0 Sandra Lignereux 1\u00e8re, Dorian Lucot 2\u00e8me, Hrizi Marouan, Ben Moha Karima, Delprat Romane Zia, Zerguine Youness. Ils ont re\u00e7u les f\u00e9licitations de la Commission nationale d&rsquo;arbitrage pour leur excellent travail et leur tr\u00e8s bon comportement.<\/div>\n<div dir=\"auto\"><a href=\"https:\/\/sites.ffkarate.fr\/occitanie\/wp-content\/uploads\/sites\/119\/2019\/05\/FB_IMG_1558274368564.jpg\"><img decoding=\"async\" class=\"alignnone size-medium wp-image-1738\" src=\"https:\/\/sites.ffkarate.fr\/occitanie\/wp-content\/uploads\/sites\/119\/2019\/05\/FB_IMG_1558274368564-300x225.jpg\" alt=\"FB_IMG_1558274368564\" width=\"300\" height=\"225\" \/><\/a><\/div>\n<div dir=\"auto\"><\/div>\n<div dir=\"auto\"><\/div>\n<ul>\n<li><strong>Examen national combat A, lors du championnat de France junior les 18 et\u00a0 19 mai \u00e0 l&rsquo;Institut national du judo \u00e0 Paris<\/strong><\/li>\n<\/ul>\n<div dir=\"auto\">L&rsquo;Occitanie pr\u00e9sentait 7 candidats. A l&rsquo;issue de 2 jours d&rsquo;examen, nos candidats ont re\u00e7u les\u00a0 r\u00e9sultats par les membres de la CNA. Sur 7 candidats, 6 ont r\u00e9ussi l&rsquo;examen : C\u00e9line Benzoni, Romain Bouchard, Oph\u00e9lie Adolphe, Ludovic Fuentes, Sara iddir, ainsi que notre Responsable de la commission d&rsquo;arbitrage r\u00e9gionale : C\u00e9cile Jousseaume, qui se classe 2\u00e8me de la promo 2019.<\/div>\n<div dir=\"auto\">Bravo \u00e0 tous! Avec Roberto Antonio re\u00e7u en novembre, ils viennent\u00a0 renforcer le corps arbitral de l&rsquo;Occitanie. D\u00e9sormais la ligue r\u00e9gionale compte 12 arbitres combat A.<\/div>\n<div dir=\"auto\"><a href=\"https:\/\/sites.ffkarate.fr\/occitanie\/wp-content\/uploads\/sites\/119\/2019\/05\/FB_IMG_1558274435512.jpg\"><img decoding=\"async\" class=\"alignnone size-medium wp-image-1739\" src=\"https:\/\/sites.ffkarate.fr\/occitanie\/wp-content\/uploads\/sites\/119\/2019\/05\/FB_IMG_1558274435512-300x225.jpg\" alt=\"FB_IMG_1558274435512\" width=\"300\" height=\"225\" \/><\/a>\u00a0\u00a0<a href=\"https:\/\/sites.ffkarate.fr\/occitanie\/wp-content\/uploads\/sites\/119\/2019\/05\/received_2329583947290366.jpeg\"><img decoding=\"async\" class=\"alignnone size-medium wp-image-1740\" src=\"https:\/\/sites.ffkarate.fr\/occitanie\/wp-content\/uploads\/sites\/119\/2019\/05\/received_2329583947290366-300x169.jpeg\" alt=\"received_2329583947290366\" width=\"300\" height=\"169\" \/><\/a><\/div>\n<p>[\/vc_column_text][\/vc_column][\/vc_row]<\/p>\n<\/div>","protected":false},"excerpt":{"rendered":"<p>[vc_row][vc_column][vc_column_text] Retour sur les exploits de nos arbitres r\u00e9gionaux Challenge national jeune arbitre kata les 4 et 5 mai \u00e0 Saint Quentin dans l&rsquo;Aisne\u00a0 :\u00a0Participation Mariam Oulhint en \u00e9lite et Enzo Mounsaveng qui termine 3\u00e8meme dans la cat\u00e9gorie honneur. Une belle performance pour sa 1\u00e8re ann\u00e9e d&rsquo;arbitrage! &nbsp; Challenge national jeune arbitre combat \u00e0 Villebon [&hellip;]<\/p>\n","protected":false},"author":20,"featured_media":1736,"comment_status":"closed","ping_status":"closed","sticky":false,"template":"","format":"standard","meta":{"footnotes":""},"categories":[1],"tags":[],"class_list":["post-1735","post","type-post","status-publish","format-standard","hentry","category-non-classe"],"_links":{"self":[{"href":"https:\/\/sites.ffkarate.fr\/occitanie\/wp-json\/wp\/v2\/posts\/1735","targetHints":{"allow":["GET"]}}],"collection":[{"href":"https:\/\/sites.ffkarate.fr\/occitanie\/wp-json\/wp\/v2\/posts"}],"about":[{"href":"https:\/\/sites.ffkarate.fr\/occitanie\/wp-json\/wp\/v2\/types\/post"}],"author":[{"embeddable":true,"href":"https:\/\/sites.ffkarate.fr\/occitanie\/wp-json\/wp\/v2\/users\/20"}],"replies":[{"embeddable":true,"href":"https:\/\/sites.ffkarate.fr\/occitanie\/wp-json\/wp\/v2\/comments?post=1735"}],"version-history":[{"count":0,"href":"https:\/\/sites.ffkarate.fr\/occitanie\/wp-json\/wp\/v2\/posts\/1735\/revisions"}],"wp:featuredmedia":[{"embeddable":true,"href":"https:\/\/sites.ffkarate.fr\/occitanie\/wp-json\/wp\/v2\/media\/1736"}],"wp:attachment":[{"href":"https:\/\/sites.ffkarate.fr\/occitanie\/wp-json\/wp\/v2\/media?parent=1735"}],"wp:term":[{"taxonomy":"category","embeddable":true,"href":"https:\/\/sites.ffkarate.fr\/occitanie\/wp-json\/wp\/v2\/categories?post=1735"},{"taxonomy":"post_tag","embeddable":true,"href":"https:\/\/sites.ffkarate.fr\/occitanie\/wp-json\/wp\/v2\/tags?post=1735"}],"curies":[{"name":"wp","href":"https:\/\/api.w.org\/{rel}","templated":true}]}}