{"id":1942,"date":"2019-11-05T12:00:31","date_gmt":"2019-11-05T11:00:31","guid":{"rendered":"https:\/\/sites.ffkarate.fr\/occitanie\/?post_type=news&amp;p=1942"},"modified":"2019-11-05T12:00:31","modified_gmt":"2019-11-05T11:00:31","slug":"championnat-du-monde-krav-maga","status":"publish","type":"post","link":"https:\/\/sites.ffkarate.fr\/occitanie\/2019\/11\/05\/championnat-du-monde-krav-maga\/","title":{"rendered":"Championnat du Monde Krav Maga"},"content":{"rendered":"<div class=\"wpb-content-wrapper\"><p>[vc_row][vc_column][vc_column_text]C&rsquo;est \u00e0 croire que le Pr\u00e9sident de la R\u00e9gion Occitanie Robert DEBACK, accompagn\u00e9 de Thierry ROS, le Pr\u00e9sident de la ZID Languedoc-Roussillon avaient le nez creux en d\u00e9cidant d&rsquo;assister aux 2\u00e8me Championnat du Monde de Krav Maga \u00e0 Paris le 2 novembre 2019, afin d&rsquo;encourager la vingtaine de comp\u00e9titeurs occitaniens en lice ce jour l\u00e0. Les r\u00e9sultats sont probants.<\/p>\n<p><!--more--><\/p>\n<p><strong>4 titres de Champion du Monde parmi lesquels<\/strong><\/p>\n<p>&#8211; en + de 85 kg Victor VALADE<\/p>\n<p>&#8211; en &#8211; de 85 kg Philippe BRIAND<\/p>\n<p>&#8211; en &#8211; de 75 kg Alexandre BODY<\/p>\n<p>Tous trois licenci\u00e9s au KRAV MAGA FRONTIGNAN ET DA<\/p>\n<p>et en &#8211; de 80 kg Mohammed MOUSSAOUI, licenci\u00e9 au KRAV MAGA de Tarbes d\u00e9j\u00e0 d\u00e9tenteur du titre en 2017 qui r\u00e9cidive cette ann\u00e9e encore<\/p>\n<p><strong>4 titres de Champion de Vice-Champion du Monde :<\/strong><\/p>\n<p>&#8211; en + de 85kg Fabrice DOUX<\/p>\n<p>&#8211; en &#8211; de 75kg Gr\u00e9gory PIJOT<\/p>\n<p>&#8211; Liza JARDON et Maguelonne TOURNIER en Technique<\/p>\n<p><strong>6 titres de 3\u00e8me des Championnats du Monde :<\/strong><\/p>\n<p>-en + de 85 kg Laurent CAPPELINI<\/p>\n<p>&#8211; en &#8211; de 75 kg V\u00e9t\u00e9ran Pascal MUZAS<\/p>\n<p>&#8211; en &#8211;\u00a0 de 75 kg Yann FRECAUT<\/p>\n<p>&#8211; en &#8211; de 85 kg Matthieu CLERFEUILLE<\/p>\n<p>&#8211; en &#8211; de 75\u00a0 kg Yann BARROKA<\/p>\n<p>&#8211; en &#8211; de 60 kg Eloise ST MARTIN de Tarbes<\/p>\n<p>Une h\u00e9catombe de m\u00e9dailles qui prouvent combien l&rsquo;engagement du Krav Maga a actuellement le vent en poupe au sein de la R\u00e9gion, fort de ces 1 400 licenci\u00e9s pour\u00a0 32 clubs<\/p>\n<p><a href=\"https:\/\/sites.ffkarate.fr\/occitanie\/wp-content\/uploads\/sites\/119\/2019\/11\/IMG_20191104_095038.jpg\"><img decoding=\"async\" class=\"aligncenter size-thumbnail wp-image-1944\" src=\"https:\/\/sites.ffkarate.fr\/occitanie\/wp-content\/uploads\/sites\/119\/2019\/11\/IMG_20191104_095038-150x150.jpg\" alt=\"IMG_20191104_095038\" width=\"150\" height=\"150\" \/><\/a><\/p>\n<div id=\"attachment_1945\" style=\"width: 182px\" class=\"wp-caption aligncenter\"><a href=\"https:\/\/sites.ffkarate.fr\/occitanie\/wp-content\/uploads\/sites\/119\/2019\/11\/IMG_20191104_095354-1.jpg\"><img decoding=\"async\" aria-describedby=\"caption-attachment-1945\" class=\"size-medium wp-image-1945\" src=\"https:\/\/sites.ffkarate.fr\/occitanie\/wp-content\/uploads\/sites\/119\/2019\/11\/IMG_20191104_095354-1-172x300.jpg\" alt=\"rptoz\" width=\"172\" height=\"300\" \/><\/a><p id=\"caption-attachment-1945\" class=\"wp-caption-text\">rptoz<\/p><\/div>\n<p><a href=\"https:\/\/sites.ffkarate.fr\/occitanie\/wp-content\/uploads\/sites\/119\/2019\/11\/Photos-Champions-2019.jpg\"><img decoding=\"async\" class=\"aligncenter size-medium wp-image-1946\" src=\"https:\/\/sites.ffkarate.fr\/occitanie\/wp-content\/uploads\/sites\/119\/2019\/11\/Photos-Champions-2019-219x300.jpg\" alt=\"Photos Champions 2019\" width=\"219\" height=\"300\" \/><\/a> <a href=\"https:\/\/sites.ffkarate.fr\/occitanie\/wp-content\/uploads\/sites\/119\/2019\/11\/received_417553052225052.jpeg\"><img decoding=\"async\" class=\"aligncenter size-medium wp-image-1947\" src=\"https:\/\/sites.ffkarate.fr\/occitanie\/wp-content\/uploads\/sites\/119\/2019\/11\/received_417553052225052-300x225.jpeg\" alt=\"received_417553052225052\" width=\"300\" height=\"225\" \/><\/a>[\/vc_column_text][\/vc_column][\/vc_row]<\/p>\n<\/div>","protected":false},"excerpt":{"rendered":"<p>[vc_row][vc_column][vc_column_text]C&rsquo;est \u00e0 croire que le Pr\u00e9sident de la R\u00e9gion Occitanie Robert DEBACK, accompagn\u00e9 de Thierry ROS, le Pr\u00e9sident de la ZID Languedoc-Roussillon avaient le nez creux en d\u00e9cidant d&rsquo;assister aux 2\u00e8me Championnat du Monde de Krav Maga \u00e0 Paris le 2 novembre 2019, afin d&rsquo;encourager la vingtaine de comp\u00e9titeurs occitaniens en lice ce jour l\u00e0. [&hellip;]<\/p>\n","protected":false},"author":20,"featured_media":1944,"comment_status":"closed","ping_status":"closed","sticky":false,"template":"","format":"standard","meta":{"footnotes":""},"categories":[1],"tags":[],"class_list":["post-1942","post","type-post","status-publish","format-standard","hentry","category-non-classe"],"_links":{"self":[{"href":"https:\/\/sites.ffkarate.fr\/occitanie\/wp-json\/wp\/v2\/posts\/1942","targetHints":{"allow":["GET"]}}],"collection":[{"href":"https:\/\/sites.ffkarate.fr\/occitanie\/wp-json\/wp\/v2\/posts"}],"about":[{"href":"https:\/\/sites.ffkarate.fr\/occitanie\/wp-json\/wp\/v2\/types\/post"}],"author":[{"embeddable":true,"href":"https:\/\/sites.ffkarate.fr\/occitanie\/wp-json\/wp\/v2\/users\/20"}],"replies":[{"embeddable":true,"href":"https:\/\/sites.ffkarate.fr\/occitanie\/wp-json\/wp\/v2\/comments?post=1942"}],"version-history":[{"count":0,"href":"https:\/\/sites.ffkarate.fr\/occitanie\/wp-json\/wp\/v2\/posts\/1942\/revisions"}],"wp:featuredmedia":[{"embeddable":true,"href":"https:\/\/sites.ffkarate.fr\/occitanie\/wp-json\/wp\/v2\/media\/1944"}],"wp:attachment":[{"href":"https:\/\/sites.ffkarate.fr\/occitanie\/wp-json\/wp\/v2\/media?parent=1942"}],"wp:term":[{"taxonomy":"category","embeddable":true,"href":"https:\/\/sites.ffkarate.fr\/occitanie\/wp-json\/wp\/v2\/categories?post=1942"},{"taxonomy":"post_tag","embeddable":true,"href":"https:\/\/sites.ffkarate.fr\/occitanie\/wp-json\/wp\/v2\/tags?post=1942"}],"curies":[{"name":"wp","href":"https:\/\/api.w.org\/{rel}","templated":true}]}}