{"id":2036,"date":"2020-01-07T10:16:31","date_gmt":"2020-01-07T09:16:31","guid":{"rendered":"https:\/\/sites.ffkarate.fr\/occitanie\/?post_type=news&amp;p=2036"},"modified":"2020-01-07T10:16:31","modified_gmt":"2020-01-07T09:16:31","slug":"stages-regionaux-en-janvier","status":"publish","type":"post","link":"https:\/\/sites.ffkarate.fr\/occitanie\/2020\/01\/07\/stages-regionaux-en-janvier\/","title":{"rendered":"STAGES R\u00c9GIONAUX EN JANVIER"},"content":{"rendered":"<div class=\"wpb-content-wrapper\"><p>[vc_row][vc_column][vc_column_text]<\/p>\n<ul>\n<li>Stage de Taolu<\/li>\n<\/ul>\n<p>Hou Lin encadrera un stage de Taolu le 12 Janvier 2020 \u00e0 Colomiers<\/p>\n<p>T\u00e9l\u00e9charger <a href=\"https:\/\/sites.ffkarate.fr\/occitanie\/wp-content\/uploads\/sites\/119\/2019\/07\/Scan-e1576842672461.jpg\">l&rsquo;affiche<\/a><\/p>\n<p>&nbsp;<\/p>\n<ul>\n<li>Stage de Karat\u00e9 Mix<\/li>\n<\/ul>\n<p>Loic Marty animera un stage de Karat\u00e9 Mix le 18 Janvier 2020 \u00e0 Colomiers<\/p>\n<p>T\u00e9l\u00e9charger <a href=\"https:\/\/sites.ffkarate.fr\/occitanie\/wp-content\/uploads\/sites\/119\/2019\/11\/STAGE-KARATE-MIX.png\">l&rsquo;affiche<\/a><\/p>\n<p>&nbsp;<\/p>\n<ul>\n<li>Stage de Body Karat\u00e9<\/li>\n<\/ul>\n<p>Le 25 Janvier 2020 aura lieu un stage r\u00e9gional de Body Karat\u00e9 au Centre National d&rsquo;entrainement \u00e0 Castelnau-Le-Lez.<\/p>\n<p>T\u00e9l\u00e9charger\u00a0<a href=\"https:\/\/sites.ffkarate.fr\/occitanie\/wp-content\/uploads\/sites\/119\/2019\/12\/Affiche.png\">l&rsquo;affiche<\/a><\/p>\n<p>Parall\u00e8lement \u00e0 cela,\u00a0 le Dipl\u00f4me de Body Karat\u00e9 ( DEBK ) aura lieu le 25\/26 Avril \u00e0 Toulouse.<\/p>\n<p>Le Dossier d&rsquo;inscription vous sera communiqu\u00e9 d\u00e8s que possible.<\/p>\n<p>Les candidats peuvent d\u00e9j\u00e0 se faire\u00a0conna\u00eetre : ffkdaligueoccitanie@gmail.com<\/p>\n<p>Limite des inscriptions au 31\/03\/2020<\/p>\n<p>La coupe de Ligue initialement pr\u00e9vue le 22\/02\/2020 est annul\u00e9e. Elle sera remplac\u00e9 par\u00a0 une rencontre inter-ligues en fin de saison.<\/p>\n<p>La date de cet \u00e9v\u00e9nement sera communiqu\u00e9 ult\u00e9rieurement.<\/p>\n<p>&nbsp;<\/p>\n<p><a href=\"https:\/\/sites.ffkarate.fr\/occitanie\/wp-content\/uploads\/sites\/119\/2020\/01\/LES-STAGES-DU-MOIS-DE-JANVIER-2020.jpg\"><img decoding=\"async\" class=\"aligncenter size-large wp-image-2037\" src=\"https:\/\/sites.ffkarate.fr\/occitanie\/wp-content\/uploads\/sites\/119\/2020\/01\/LES-STAGES-DU-MOIS-DE-JANVIER-2020-1024x576.jpg\" alt=\"LES STAGES DU MOIS DE JANVIER 2020\" width=\"640\" height=\"360\" \/><\/a><a href=\"https:\/\/sites.ffkarate.fr\/occitanie\/wp-content\/uploads\/sites\/119\/2020\/01\/LES-STAGES-DU-MOIS-DE-JANVIER-2020.jpg\"><br \/>\n<\/a>[\/vc_column_text][\/vc_column][\/vc_row]<\/p>\n<\/div>","protected":false},"excerpt":{"rendered":"<p>[vc_row][vc_column][vc_column_text] Stage de Taolu Hou Lin encadrera un stage de Taolu le 12 Janvier 2020 \u00e0 Colomiers T\u00e9l\u00e9charger l&rsquo;affiche &nbsp; Stage de Karat\u00e9 Mix Loic Marty animera un stage de Karat\u00e9 Mix le 18 Janvier 2020 \u00e0 Colomiers T\u00e9l\u00e9charger l&rsquo;affiche &nbsp; Stage de Body Karat\u00e9 Le 25 Janvier 2020 aura lieu un stage r\u00e9gional de [&hellip;]<\/p>\n","protected":false},"author":20,"featured_media":2037,"comment_status":"closed","ping_status":"closed","sticky":false,"template":"","format":"standard","meta":{"footnotes":""},"categories":[1],"tags":[],"class_list":["post-2036","post","type-post","status-publish","format-standard","hentry","category-non-classe"],"_links":{"self":[{"href":"https:\/\/sites.ffkarate.fr\/occitanie\/wp-json\/wp\/v2\/posts\/2036","targetHints":{"allow":["GET"]}}],"collection":[{"href":"https:\/\/sites.ffkarate.fr\/occitanie\/wp-json\/wp\/v2\/posts"}],"about":[{"href":"https:\/\/sites.ffkarate.fr\/occitanie\/wp-json\/wp\/v2\/types\/post"}],"author":[{"embeddable":true,"href":"https:\/\/sites.ffkarate.fr\/occitanie\/wp-json\/wp\/v2\/users\/20"}],"replies":[{"embeddable":true,"href":"https:\/\/sites.ffkarate.fr\/occitanie\/wp-json\/wp\/v2\/comments?post=2036"}],"version-history":[{"count":0,"href":"https:\/\/sites.ffkarate.fr\/occitanie\/wp-json\/wp\/v2\/posts\/2036\/revisions"}],"wp:featuredmedia":[{"embeddable":true,"href":"https:\/\/sites.ffkarate.fr\/occitanie\/wp-json\/wp\/v2\/media\/2037"}],"wp:attachment":[{"href":"https:\/\/sites.ffkarate.fr\/occitanie\/wp-json\/wp\/v2\/media?parent=2036"}],"wp:term":[{"taxonomy":"category","embeddable":true,"href":"https:\/\/sites.ffkarate.fr\/occitanie\/wp-json\/wp\/v2\/categories?post=2036"},{"taxonomy":"post_tag","embeddable":true,"href":"https:\/\/sites.ffkarate.fr\/occitanie\/wp-json\/wp\/v2\/tags?post=2036"}],"curies":[{"name":"wp","href":"https:\/\/api.w.org\/{rel}","templated":true}]}}