{"id":6622,"date":"2026-09-01T11:54:10","date_gmt":"2026-09-01T09:54:10","guid":{"rendered":"https:\/\/sites.ffkarate.fr\/occitanie\/?p=6622"},"modified":"2026-09-01T11:54:10","modified_gmt":"2026-09-01T09:54:10","slug":"cest-la-rentree-sportive-%f0%9f%a5%8b","status":"publish","type":"post","link":"https:\/\/sites.ffkarate.fr\/occitanie\/2026\/09\/01\/cest-la-rentree-sportive-%f0%9f%a5%8b\/","title":{"rendered":"C\u2019est la rentr\u00e9e sportive ! \ud83e\udd4b"},"content":{"rendered":"","protected":false},"excerpt":{"rendered":"<p>Apr\u00e8s une pause estivale bien m\u00e9rit\u00e9e, il est temps de reprendre le chemin des tatamis ! \ud83d\udcaa<br \/>\nUne nouvelle saison commence, pleine de d\u00e9fis, de rencontres, de stages et de comp\u00e9titions ! \ud83c\udfc6<br \/>\nQue cette saison 2026\/2027 soit plac\u00e9e sous le signe du plaisir, du partage, de la progression et de la r\u00e9ussite.<br \/>\nTr\u00e8s belle saison sportive \u00e0 toutes et \u00e0 tous ! \ud83d\udc4a<\/p>\n","protected":false},"author":146,"featured_media":6623,"comment_status":"open","ping_status":"open","sticky":false,"template":"","format":"standard","meta":{"footnotes":""},"categories":[1],"tags":[],"class_list":["post-6622","post","type-post","status-publish","format-standard","hentry","category-non-classe"],"_links":{"self":[{"href":"https:\/\/sites.ffkarate.fr\/occitanie\/wp-json\/wp\/v2\/posts\/6622","targetHints":{"allow":["GET"]}}],"collection":[{"href":"https:\/\/sites.ffkarate.fr\/occitanie\/wp-json\/wp\/v2\/posts"}],"about":[{"href":"https:\/\/sites.ffkarate.fr\/occitanie\/wp-json\/wp\/v2\/types\/post"}],"author":[{"embeddable":true,"href":"https:\/\/sites.ffkarate.fr\/occitanie\/wp-json\/wp\/v2\/users\/146"}],"replies":[{"embeddable":true,"href":"https:\/\/sites.ffkarate.fr\/occitanie\/wp-json\/wp\/v2\/comments?post=6622"}],"version-history":[{"count":2,"href":"https:\/\/sites.ffkarate.fr\/occitanie\/wp-json\/wp\/v2\/posts\/6622\/revisions"}],"predecessor-version":[{"id":6625,"href":"https:\/\/sites.ffkarate.fr\/occitanie\/wp-json\/wp\/v2\/posts\/6622\/revisions\/6625"}],"wp:featuredmedia":[{"embeddable":true,"href":"https:\/\/sites.ffkarate.fr\/occitanie\/wp-json\/wp\/v2\/media\/6623"}],"wp:attachment":[{"href":"https:\/\/sites.ffkarate.fr\/occitanie\/wp-json\/wp\/v2\/media?parent=6622"}],"wp:term":[{"taxonomy":"category","embeddable":true,"href":"https:\/\/sites.ffkarate.fr\/occitanie\/wp-json\/wp\/v2\/categories?post=6622"},{"taxonomy":"post_tag","embeddable":true,"href":"https:\/\/sites.ffkarate.fr\/occitanie\/wp-json\/wp\/v2\/tags?post=6622"}],"curies":[{"name":"wp","href":"https:\/\/api.w.org\/{rel}","templated":true}]}}