{"id":1766,"date":"2025-02-10T14:42:03","date_gmt":"2025-02-10T13:42:03","guid":{"rendered":"https:\/\/sites.ffkarate.fr\/oise\/?p=1766"},"modified":"2025-02-10T14:42:11","modified_gmt":"2025-02-10T13:42:11","slug":"retour-sur-le-stage-des-experts-federaux","status":"publish","type":"post","link":"https:\/\/sites.ffkarate.fr\/oise\/2025\/02\/10\/retour-sur-le-stage-des-experts-federaux\/","title":{"rendered":"Retour sur le stage des Experts F\u00e9d\u00e9raux"},"content":{"rendered":"<div class=\"wpb-content-wrapper\"><p>[vc_row][vc_column][vc_column_text]<\/p>\n<div><i>Un grand merci aux trois experts f\u00e9d\u00e9raux (Bernard Bilicki, Jean-Francois Tisseyre et Thierry \u00a0Masci<\/i><\/div>\n<div><i>pour la qualit\u00e9 de leur p\u00e9dagogie et leur expertise lors du stage de karat\u00e9 qui s&rsquo;est d\u00e9roul\u00e9 \u00e0 Compi\u00e8gne. Plus d\u2019une soixantaine de participants ont r\u00e9pondu pr\u00e9sents pour cette belle journ\u00e9e de pratique et de partage.<\/i><\/div>\n<div><i>Nous tenons \u00e9galement \u00e0 remercier tous les clubs ainsi que les hauts grad\u00e9s qui ont fait le d\u00e9placement.<\/i><\/div>\n<div><i>\u00c0 bient\u00f4t sur les tatamis !<\/i><\/div>\n<p>[\/vc_column_text][\/vc_column][\/vc_row][vc_row][vc_column][vc_gallery images=\u00a0\u00bb1768,1769,1770,1771,1772,1773,1774,1775,1776,1777,1778,1779,1780,1781,1782,1783,1784&Prime;][\/vc_column][\/vc_row]<\/p>\n<\/div>","protected":false},"excerpt":{"rendered":"<p>[vc_row][vc_column][vc_column_text] Un grand merci aux trois experts f\u00e9d\u00e9raux (Bernard Bilicki, Jean-Francois Tisseyre et Thierry \u00a0Masci pour la qualit\u00e9 de leur p\u00e9dagogie et leur expertise lors du stage de karat\u00e9 qui s&rsquo;est d\u00e9roul\u00e9 \u00e0 Compi\u00e8gne. Plus d\u2019une soixantaine de participants ont r\u00e9pondu pr\u00e9sents pour cette belle journ\u00e9e de pratique et de partage. Nous tenons \u00e9galement \u00e0 [&hellip;]<\/p>\n","protected":false},"author":55,"featured_media":1767,"comment_status":"closed","ping_status":"closed","sticky":false,"template":"","format":"standard","meta":{"footnotes":""},"categories":[1],"tags":[],"class_list":["post-1766","post","type-post","status-publish","format-standard","hentry","category-non-classe"],"_links":{"self":[{"href":"https:\/\/sites.ffkarate.fr\/oise\/wp-json\/wp\/v2\/posts\/1766","targetHints":{"allow":["GET"]}}],"collection":[{"href":"https:\/\/sites.ffkarate.fr\/oise\/wp-json\/wp\/v2\/posts"}],"about":[{"href":"https:\/\/sites.ffkarate.fr\/oise\/wp-json\/wp\/v2\/types\/post"}],"author":[{"embeddable":true,"href":"https:\/\/sites.ffkarate.fr\/oise\/wp-json\/wp\/v2\/users\/55"}],"replies":[{"embeddable":true,"href":"https:\/\/sites.ffkarate.fr\/oise\/wp-json\/wp\/v2\/comments?post=1766"}],"version-history":[{"count":2,"href":"https:\/\/sites.ffkarate.fr\/oise\/wp-json\/wp\/v2\/posts\/1766\/revisions"}],"predecessor-version":[{"id":1786,"href":"https:\/\/sites.ffkarate.fr\/oise\/wp-json\/wp\/v2\/posts\/1766\/revisions\/1786"}],"wp:featuredmedia":[{"embeddable":true,"href":"https:\/\/sites.ffkarate.fr\/oise\/wp-json\/wp\/v2\/media\/1767"}],"wp:attachment":[{"href":"https:\/\/sites.ffkarate.fr\/oise\/wp-json\/wp\/v2\/media?parent=1766"}],"wp:term":[{"taxonomy":"category","embeddable":true,"href":"https:\/\/sites.ffkarate.fr\/oise\/wp-json\/wp\/v2\/categories?post=1766"},{"taxonomy":"post_tag","embeddable":true,"href":"https:\/\/sites.ffkarate.fr\/oise\/wp-json\/wp\/v2\/tags?post=1766"}],"curies":[{"name":"wp","href":"https:\/\/api.w.org\/{rel}","templated":true}]}}