{"id":2187,"date":"2025-11-25T15:14:14","date_gmt":"2025-11-25T14:14:14","guid":{"rendered":"https:\/\/sites.ffkarate.fr\/oise\/?p=2187"},"modified":"2025-11-27T17:28:01","modified_gmt":"2025-11-27T16:28:01","slug":"stage-avec-serge-serfati","status":"publish","type":"post","link":"https:\/\/sites.ffkarate.fr\/oise\/2025\/11\/25\/stage-avec-serge-serfati\/","title":{"rendered":"Stage avec Serge SERFATI"},"content":{"rendered":"<div class=\"wpb-content-wrapper\"><p>[vc_row][vc_column][vc_column_text]Dimanche 14 d\u00e9cembre, au gymnase Robida Rue Rouget de Lisle \u00e0 Compi\u00e8gne stage avec Serge SERFATI,<\/p>\n<p>\ud83d\udd70\ufe0f10h00\/12h00<\/p>\n<p>\ud83e\udd4bOuvert aux adolescents et adultes<\/p>\n<p>\ud83d\udcb6 10\u20ac l&rsquo;inscription<\/p>\n<p>Soyez nombreux \u00e0 venir participer<\/p>\n<p>&nbsp;<\/p>\n<p>&nbsp;<\/p>\n<p>&nbsp;<\/p>\n<p><img decoding=\"async\" class=\"alignnone size-medium wp-image-2191\" src=\"https:\/\/sites.ffkarate.fr\/oise\/wp-content\/uploads\/sites\/143\/2025\/11\/Stage-de-Self-Defense-8-212x300.jpg\" alt=\"\" width=\"212\" height=\"300\" srcset=\"https:\/\/sites.ffkarate.fr\/oise\/wp-content\/uploads\/sites\/143\/2025\/11\/Stage-de-Self-Defense-8-212x300.jpg 212w, https:\/\/sites.ffkarate.fr\/oise\/wp-content\/uploads\/sites\/143\/2025\/11\/Stage-de-Self-Defense-8-724x1024.jpg 724w, https:\/\/sites.ffkarate.fr\/oise\/wp-content\/uploads\/sites\/143\/2025\/11\/Stage-de-Self-Defense-8-768x1086.jpg 768w, https:\/\/sites.ffkarate.fr\/oise\/wp-content\/uploads\/sites\/143\/2025\/11\/Stage-de-Self-Defense-8-1086x1536.jpg 1086w, https:\/\/sites.ffkarate.fr\/oise\/wp-content\/uploads\/sites\/143\/2025\/11\/Stage-de-Self-Defense-8.jpg 1414w\" sizes=\"(max-width: 212px) 100vw, 212px\" \/>[\/vc_column_text][\/vc_column][\/vc_row]<\/p>\n<\/div>","protected":false},"excerpt":{"rendered":"<p>[vc_row][vc_column][vc_column_text]Dimanche 14 d\u00e9cembre, au gymnase Robida Rue Rouget de Lisle \u00e0 Compi\u00e8gne stage avec Serge SERFATI, \ud83d\udd70\ufe0f10h00\/12h00 \ud83e\udd4bOuvert aux adolescents et adultes \ud83d\udcb6 10\u20ac l&rsquo;inscription Soyez nombreux \u00e0 venir participer &nbsp; &nbsp; &nbsp; [\/vc_column_text][\/vc_column][\/vc_row]<\/p>\n","protected":false},"author":55,"featured_media":2191,"comment_status":"open","ping_status":"open","sticky":false,"template":"","format":"standard","meta":{"footnotes":""},"categories":[1],"tags":[],"class_list":["post-2187","post","type-post","status-publish","format-standard","hentry","category-non-classe"],"_links":{"self":[{"href":"https:\/\/sites.ffkarate.fr\/oise\/wp-json\/wp\/v2\/posts\/2187","targetHints":{"allow":["GET"]}}],"collection":[{"href":"https:\/\/sites.ffkarate.fr\/oise\/wp-json\/wp\/v2\/posts"}],"about":[{"href":"https:\/\/sites.ffkarate.fr\/oise\/wp-json\/wp\/v2\/types\/post"}],"author":[{"embeddable":true,"href":"https:\/\/sites.ffkarate.fr\/oise\/wp-json\/wp\/v2\/users\/55"}],"replies":[{"embeddable":true,"href":"https:\/\/sites.ffkarate.fr\/oise\/wp-json\/wp\/v2\/comments?post=2187"}],"version-history":[{"count":4,"href":"https:\/\/sites.ffkarate.fr\/oise\/wp-json\/wp\/v2\/posts\/2187\/revisions"}],"predecessor-version":[{"id":2193,"href":"https:\/\/sites.ffkarate.fr\/oise\/wp-json\/wp\/v2\/posts\/2187\/revisions\/2193"}],"wp:featuredmedia":[{"embeddable":true,"href":"https:\/\/sites.ffkarate.fr\/oise\/wp-json\/wp\/v2\/media\/2191"}],"wp:attachment":[{"href":"https:\/\/sites.ffkarate.fr\/oise\/wp-json\/wp\/v2\/media?parent=2187"}],"wp:term":[{"taxonomy":"category","embeddable":true,"href":"https:\/\/sites.ffkarate.fr\/oise\/wp-json\/wp\/v2\/categories?post=2187"},{"taxonomy":"post_tag","embeddable":true,"href":"https:\/\/sites.ffkarate.fr\/oise\/wp-json\/wp\/v2\/tags?post=2187"}],"curies":[{"name":"wp","href":"https:\/\/api.w.org\/{rel}","templated":true}]}}