{"id":2383,"date":"2026-03-12T15:04:39","date_gmt":"2026-03-12T14:04:39","guid":{"rendered":"https:\/\/sites.ffkarate.fr\/oise\/?p=2383"},"modified":"2026-03-12T15:05:17","modified_gmt":"2026-03-12T14:05:17","slug":"retour-sur-la-formation","status":"publish","type":"post","link":"https:\/\/sites.ffkarate.fr\/oise\/2026\/03\/12\/retour-sur-la-formation\/","title":{"rendered":"Retour sur la formation"},"content":{"rendered":"<div class=\"wpb-content-wrapper\"><p>[vc_row][vc_column][vc_column_text]<\/p>\n<div>Petit retour sur les sessions de formation d&rsquo;instructeurs de l\u2019Oise des 24-25 janvier et 28 f\u00e9vrier-1er mars 2026.<\/div>\n<div>Tr\u00e8s bonne session dans l\u2019ensemble. Les candidats ont fait preuve de s\u00e9rieux, d\u2019implication<\/div>\n<div>et d\u2019une bonne participation sur les parties techniques, p\u00e9dagogiques. Les mises en situation ont \u00e9t\u00e9 int\u00e9ressantes<\/div>\n<div>\u00a0ainsi que l\u2019ambiance de travail studieuse et positive.<\/div>\n<div>Bravo \u00e0 tous pour votre engagement, merci \u00e0 l\u2019\u00e9quipe d\u2019encadrement et aux intervenants.<\/div>\n<div><img decoding=\"async\" class=\"alignnone size-medium wp-image-2384\" src=\"https:\/\/sites.ffkarate.fr\/oise\/wp-content\/uploads\/sites\/143\/2026\/03\/groupe-candidats-300x150.jpg\" alt=\"\" width=\"300\" height=\"150\" srcset=\"https:\/\/sites.ffkarate.fr\/oise\/wp-content\/uploads\/sites\/143\/2026\/03\/groupe-candidats-300x150.jpg 300w, https:\/\/sites.ffkarate.fr\/oise\/wp-content\/uploads\/sites\/143\/2026\/03\/groupe-candidats-1024x511.jpg 1024w, https:\/\/sites.ffkarate.fr\/oise\/wp-content\/uploads\/sites\/143\/2026\/03\/groupe-candidats-768x383.jpg 768w, https:\/\/sites.ffkarate.fr\/oise\/wp-content\/uploads\/sites\/143\/2026\/03\/groupe-candidats-1536x766.jpg 1536w, https:\/\/sites.ffkarate.fr\/oise\/wp-content\/uploads\/sites\/143\/2026\/03\/groupe-candidats-2048x1022.jpg 2048w\" sizes=\"(max-width: 300px) 100vw, 300px\" \/><\/div>\n<div><\/div>\n<div><img decoding=\"async\" class=\"alignnone size-medium wp-image-2385\" src=\"https:\/\/sites.ffkarate.fr\/oise\/wp-content\/uploads\/sites\/143\/2026\/03\/jury-formation-300x169.jpg\" alt=\"\" width=\"300\" height=\"169\" srcset=\"https:\/\/sites.ffkarate.fr\/oise\/wp-content\/uploads\/sites\/143\/2026\/03\/jury-formation-300x169.jpg 300w, https:\/\/sites.ffkarate.fr\/oise\/wp-content\/uploads\/sites\/143\/2026\/03\/jury-formation-1024x577.jpg 1024w, https:\/\/sites.ffkarate.fr\/oise\/wp-content\/uploads\/sites\/143\/2026\/03\/jury-formation-768x432.jpg 768w, https:\/\/sites.ffkarate.fr\/oise\/wp-content\/uploads\/sites\/143\/2026\/03\/jury-formation-1536x865.jpg 1536w, https:\/\/sites.ffkarate.fr\/oise\/wp-content\/uploads\/sites\/143\/2026\/03\/jury-formation.jpg 2048w\" sizes=\"(max-width: 300px) 100vw, 300px\" \/><\/div>\n<p>[\/vc_column_text][\/vc_column][\/vc_row]<\/p>\n<\/div>","protected":false},"excerpt":{"rendered":"<p>[vc_row][vc_column][vc_column_text] Petit retour sur les sessions de formation d&rsquo;instructeurs de l\u2019Oise des 24-25 janvier et 28 f\u00e9vrier-1er mars 2026. Tr\u00e8s bonne session dans l\u2019ensemble. Les candidats ont fait preuve de s\u00e9rieux, d\u2019implication et d\u2019une bonne participation sur les parties techniques, p\u00e9dagogiques. Les mises en situation ont \u00e9t\u00e9 int\u00e9ressantes \u00a0ainsi que l\u2019ambiance de travail studieuse et [&hellip;]<\/p>\n","protected":false},"author":55,"featured_media":2384,"comment_status":"open","ping_status":"open","sticky":false,"template":"","format":"standard","meta":{"footnotes":""},"categories":[1],"tags":[],"class_list":["post-2383","post","type-post","status-publish","format-standard","hentry","category-non-classe"],"_links":{"self":[{"href":"https:\/\/sites.ffkarate.fr\/oise\/wp-json\/wp\/v2\/posts\/2383","targetHints":{"allow":["GET"]}}],"collection":[{"href":"https:\/\/sites.ffkarate.fr\/oise\/wp-json\/wp\/v2\/posts"}],"about":[{"href":"https:\/\/sites.ffkarate.fr\/oise\/wp-json\/wp\/v2\/types\/post"}],"author":[{"embeddable":true,"href":"https:\/\/sites.ffkarate.fr\/oise\/wp-json\/wp\/v2\/users\/55"}],"replies":[{"embeddable":true,"href":"https:\/\/sites.ffkarate.fr\/oise\/wp-json\/wp\/v2\/comments?post=2383"}],"version-history":[{"count":3,"href":"https:\/\/sites.ffkarate.fr\/oise\/wp-json\/wp\/v2\/posts\/2383\/revisions"}],"predecessor-version":[{"id":2388,"href":"https:\/\/sites.ffkarate.fr\/oise\/wp-json\/wp\/v2\/posts\/2383\/revisions\/2388"}],"wp:featuredmedia":[{"embeddable":true,"href":"https:\/\/sites.ffkarate.fr\/oise\/wp-json\/wp\/v2\/media\/2384"}],"wp:attachment":[{"href":"https:\/\/sites.ffkarate.fr\/oise\/wp-json\/wp\/v2\/media?parent=2383"}],"wp:term":[{"taxonomy":"category","embeddable":true,"href":"https:\/\/sites.ffkarate.fr\/oise\/wp-json\/wp\/v2\/categories?post=2383"},{"taxonomy":"post_tag","embeddable":true,"href":"https:\/\/sites.ffkarate.fr\/oise\/wp-json\/wp\/v2\/tags?post=2383"}],"curies":[{"name":"wp","href":"https:\/\/api.w.org\/{rel}","templated":true}]}}