{"id":334,"date":"2021-11-17T16:04:01","date_gmt":"2021-11-17T15:04:01","guid":{"rendered":"https:\/\/sites.ffkarate.fr\/orne\/?p=334"},"modified":"2021-12-08T23:04:45","modified_gmt":"2021-12-08T22:04:45","slug":"5-decembre-2021-championnat-departemental-individuel-kumite-qualificatif","status":"publish","type":"post","link":"https:\/\/sites.ffkarate.fr\/orne\/2021\/11\/17\/5-decembre-2021-championnat-departemental-individuel-kumite-qualificatif\/","title":{"rendered":"5 d\u00e9cembre 2021 &#8211; CHAMPIONNAT D\u00c9PARTEMENTAL INDIVIDUEL KUMIT\u00c9 &#8211; Qualificatif"},"content":{"rendered":"<div class=\"wpb-content-wrapper\"><p>[vc_row][vc_column][vc_column_text]A TOUS LES CLUBS<\/p>\n<p>Mmes et MM. les pr\u00e9sident(e)s et professeurs,<\/p>\n<p>Veuillez trouver en PJ le r\u00e8glement et la convocation pour les comp\u00e9titions d\u00e9partementales qualificatives (Championnats combats MCJS H et F, coupes combat v\u00e9t\u00e9rans et PB M et F), et pour la coupe poussins G et F non qualificative qui auront lieu le dimanche 5 d\u00e9cembre \u00e0 Alen\u00e7on, dojo Fabien Canu.<\/p>\n<p>Les inscriptions se font en ligne sur le site f\u00e9d\u00e9ral, avant le 30 novembre. Pour des raisons de clart\u00e9, il y a 5 comp\u00e9titions diff\u00e9rentes : Championnats MCJS M et F s\u00e9par\u00e9ment, coupes PPB, G et F s\u00e9par\u00e9ment. Il n&rsquo;y a que pour la coupe v\u00e9t\u00e9rans que vous inscrirez \u00e0 la fois les hommes et les femmes ( en n&rsquo;oubliant tout de m\u00eame pas de pr\u00e9ciser le sexe pour vos v\u00e9t\u00e9rans !).<\/p>\n<p>Veillez \u00e0 ce que vos comp\u00e9titeurs soient en r\u00e8gle. N&rsquo;oubliez pas la bonne gestion des protections de vos comp\u00e9titeurs ou de votre club. Attention au protocole sanitaire qui sera en vigueur.<\/p>\n<p>Avec nos meilleures salutations sportives.<\/p>\n<div class=\"io-ox-signature\">\n<p>Pour le bureau,<\/p>\n<p>J-Ph CORMIER<\/p>\n<p>Secr\u00e9taire-adjoint CDOK<\/p>\n<\/div>\n<p>[\/vc_column_text][\/vc_column][\/vc_row][vc_row][vc_column][vc_gallery images=\u00a0\u00bb352,353,354&Prime;][\/vc_column][\/vc_row]<\/p>\n<\/div>","protected":false},"excerpt":{"rendered":"<p>[vc_row][vc_column][vc_column_text]A TOUS LES CLUBS Mmes et MM. les pr\u00e9sident(e)s et professeurs, Veuillez trouver en PJ le r\u00e8glement et la convocation pour les comp\u00e9titions d\u00e9partementales qualificatives (Championnats combats MCJS H et F, coupes combat v\u00e9t\u00e9rans et PB M et F), et pour la coupe poussins G et F non qualificative qui auront lieu le dimanche 5 [&hellip;]<\/p>\n","protected":false},"author":207,"featured_media":0,"comment_status":"closed","ping_status":"closed","sticky":false,"template":"","format":"standard","meta":{"footnotes":""},"categories":[10],"tags":[],"class_list":["post-334","post","type-post","status-publish","format-standard","hentry","category-competitions"],"_links":{"self":[{"href":"https:\/\/sites.ffkarate.fr\/orne\/wp-json\/wp\/v2\/posts\/334","targetHints":{"allow":["GET"]}}],"collection":[{"href":"https:\/\/sites.ffkarate.fr\/orne\/wp-json\/wp\/v2\/posts"}],"about":[{"href":"https:\/\/sites.ffkarate.fr\/orne\/wp-json\/wp\/v2\/types\/post"}],"author":[{"embeddable":true,"href":"https:\/\/sites.ffkarate.fr\/orne\/wp-json\/wp\/v2\/users\/207"}],"replies":[{"embeddable":true,"href":"https:\/\/sites.ffkarate.fr\/orne\/wp-json\/wp\/v2\/comments?post=334"}],"version-history":[{"count":4,"href":"https:\/\/sites.ffkarate.fr\/orne\/wp-json\/wp\/v2\/posts\/334\/revisions"}],"predecessor-version":[{"id":355,"href":"https:\/\/sites.ffkarate.fr\/orne\/wp-json\/wp\/v2\/posts\/334\/revisions\/355"}],"wp:attachment":[{"href":"https:\/\/sites.ffkarate.fr\/orne\/wp-json\/wp\/v2\/media?parent=334"}],"wp:term":[{"taxonomy":"category","embeddable":true,"href":"https:\/\/sites.ffkarate.fr\/orne\/wp-json\/wp\/v2\/categories?post=334"},{"taxonomy":"post_tag","embeddable":true,"href":"https:\/\/sites.ffkarate.fr\/orne\/wp-json\/wp\/v2\/tags?post=334"}],"curies":[{"name":"wp","href":"https:\/\/api.w.org\/{rel}","templated":true}]}}