{"id":344,"date":"2021-11-29T15:15:39","date_gmt":"2021-11-29T14:15:39","guid":{"rendered":"https:\/\/sites.ffkarate.fr\/orne\/?p=344"},"modified":"2021-12-10T15:22:36","modified_gmt":"2021-12-10T14:22:36","slug":"344","status":"publish","type":"post","link":"https:\/\/sites.ffkarate.fr\/orne\/2021\/11\/29\/344\/","title":{"rendered":"\u00c9cole d&rsquo;arbitrage &#8211; Retour sur le stage du 20 novembre dernier, S\u00e9es"},"content":{"rendered":"<div class=\"wpb-content-wrapper\"><p>[vc_row][vc_column][vc_column_text]<\/p>\n<div class=\"kvgmc6g5 cxmmr5t8 oygrvhab hcukyx3x c1et5uql ii04i59q\">\n<div dir=\"auto\">\n<div class=\"kvgmc6g5 cxmmr5t8 oygrvhab hcukyx3x c1et5uql ii04i59q\">\n<div dir=\"auto\">Voici les arbitres ayant particip\u00e9 au stage dans une ambiance conviviale mais s\u00e9rieuse. Un grand merci \u00e0 la Pr\u00e9sidente du KC Pays M\u00ealois et au professeur qui avait convi\u00e9 ses \u00e9l\u00e8ves, ce qui nous a permis de travailler dans d&rsquo;excellentes conditions.<\/div>\n<\/div>\n<div class=\"cxmmr5t8 oygrvhab hcukyx3x c1et5uql o9v6fnle ii04i59q\">\n<div dir=\"auto\"><\/div>\n<\/div>\n<\/div>\n<\/div>\n<div class=\"o9v6fnle cxmmr5t8 oygrvhab hcukyx3x c1et5uql ii04i59q\">\n<div dir=\"auto\">Michel GUICHEUX, responsable de l&rsquo;\u00e9cole d&rsquo;arbitrage<\/div>\n<\/div>\n<p>[\/vc_column_text][\/vc_column][\/vc_row][vc_row][vc_column][vc_single_image image=\u00a0\u00bb345&Prime;][\/vc_column][\/vc_row]<\/p>\n<\/div>","protected":false},"excerpt":{"rendered":"<p>[vc_row][vc_column][vc_column_text] Voici les arbitres ayant particip\u00e9 au stage dans une ambiance conviviale mais s\u00e9rieuse. Un grand merci \u00e0 la Pr\u00e9sidente du KC Pays M\u00ealois et au professeur qui avait convi\u00e9 ses \u00e9l\u00e8ves, ce qui nous a permis de travailler dans d&rsquo;excellentes conditions. Michel GUICHEUX, responsable de l&rsquo;\u00e9cole d&rsquo;arbitrage [\/vc_column_text][\/vc_column][\/vc_row][vc_row][vc_column][vc_single_image image=\u00a0\u00bb345&Prime;][\/vc_column][\/vc_row]<\/p>\n","protected":false},"author":207,"featured_media":0,"comment_status":"closed","ping_status":"closed","sticky":false,"template":"","format":"standard","meta":{"footnotes":""},"categories":[8],"tags":[],"class_list":["post-344","post","type-post","status-publish","format-standard","hentry","category-arbitrage"],"_links":{"self":[{"href":"https:\/\/sites.ffkarate.fr\/orne\/wp-json\/wp\/v2\/posts\/344","targetHints":{"allow":["GET"]}}],"collection":[{"href":"https:\/\/sites.ffkarate.fr\/orne\/wp-json\/wp\/v2\/posts"}],"about":[{"href":"https:\/\/sites.ffkarate.fr\/orne\/wp-json\/wp\/v2\/types\/post"}],"author":[{"embeddable":true,"href":"https:\/\/sites.ffkarate.fr\/orne\/wp-json\/wp\/v2\/users\/207"}],"replies":[{"embeddable":true,"href":"https:\/\/sites.ffkarate.fr\/orne\/wp-json\/wp\/v2\/comments?post=344"}],"version-history":[{"count":4,"href":"https:\/\/sites.ffkarate.fr\/orne\/wp-json\/wp\/v2\/posts\/344\/revisions"}],"predecessor-version":[{"id":356,"href":"https:\/\/sites.ffkarate.fr\/orne\/wp-json\/wp\/v2\/posts\/344\/revisions\/356"}],"wp:attachment":[{"href":"https:\/\/sites.ffkarate.fr\/orne\/wp-json\/wp\/v2\/media?parent=344"}],"wp:term":[{"taxonomy":"category","embeddable":true,"href":"https:\/\/sites.ffkarate.fr\/orne\/wp-json\/wp\/v2\/categories?post=344"},{"taxonomy":"post_tag","embeddable":true,"href":"https:\/\/sites.ffkarate.fr\/orne\/wp-json\/wp\/v2\/tags?post=344"}],"curies":[{"name":"wp","href":"https:\/\/api.w.org\/{rel}","templated":true}]}}