{"id":402,"date":"2022-03-09T21:34:06","date_gmt":"2022-03-09T20:34:06","guid":{"rendered":"https:\/\/sites.ffkarate.fr\/orne\/?p=402"},"modified":"2022-03-09T21:34:36","modified_gmt":"2022-03-09T20:34:36","slug":"calendrier-des-stages-et-competitions-a-venir","status":"publish","type":"post","link":"https:\/\/sites.ffkarate.fr\/orne\/2022\/03\/09\/calendrier-des-stages-et-competitions-a-venir\/","title":{"rendered":"CALENDRIER DES STAGES ET COMPETITIONS \u00c0 VENIR"},"content":{"rendered":"<div class=\"wpb-content-wrapper\"><p>[vc_row][vc_column][vc_column_text]<\/p>\n<div class=\"kvgmc6g5 cxmmr5t8 oygrvhab hcukyx3x c1et5uql ii04i59q\">\n<div dir=\"auto\"><\/div>\n<\/div>\n<div class=\"cxmmr5t8 oygrvhab hcukyx3x c1et5uql o9v6fnle ii04i59q\">\n<div dir=\"auto\">SAMEDI 5\/03 &#8211; Dojo CANU, ALEN\u00c7ON 10-12H : Stage anim\u00e9 par Adrien BOUILLY r\u00e9serv\u00e9 aux MCJS -&gt; Ce stage sera ax\u00e9 sur le kumit\u00e9, dans le cadre de la pr\u00e9paration aux championnats de France.<\/div>\n<\/div>\n<div class=\"cxmmr5t8 oygrvhab hcukyx3x c1et5uql o9v6fnle ii04i59q\">\n<div dir=\"auto\">Un intervenant du club d\u2019Alen\u00e7on prendra en charge les stagiaires PPB afin de r\u00e9pondre aux attentes de tous. Il sera \u00e9galement possible d\u2019effectuer un travail technique \u00ab en semi-autonomie \u00bb avec le retour des professeurs pr\u00e9sents au stage (\u00e9changes inter-clubs).<\/div>\n<\/div>\n<div class=\"cxmmr5t8 oygrvhab hcukyx3x c1et5uql o9v6fnle ii04i59q\">\n<div dir=\"auto\">SAMEDI 26\/03 &#8211; Dojo M\u00e9lanie LEM\u00c9E (rue des noisetiers 61600 LA FERT\u00c9 MAC\u00c9) 14-17H:<\/div>\n<\/div>\n<div class=\"cxmmr5t8 oygrvhab hcukyx3x c1et5uql o9v6fnle ii04i59q\">\n<div dir=\"auto\">&#8211; Entra\u00eenement d\u00e9partemental dirig\u00e9 par Adrien BOUILLY;<\/div>\n<div dir=\"auto\">&#8211; Stage d&rsquo;arbitrage sous la direction de Michel GUICHEUX &#8211; informations au 0695322768<\/div>\n<\/div>\n<div class=\"cxmmr5t8 oygrvhab hcukyx3x c1et5uql o9v6fnle ii04i59q\">\n<div dir=\"auto\">DIMANCHE 3\/04 &#8211; Dojo de FLERS:<\/div>\n<\/div>\n<div class=\"cxmmr5t8 oygrvhab hcukyx3x c1et5uql o9v6fnle ii04i59q\">\n<div dir=\"auto\">&#8211; Crit\u00e9rium d\u00e9butants ouvert aux nouveaux licenci\u00e9s (inscrits sur les saisons 2020-2021 et 2021-2022);<\/div>\n<div dir=\"auto\">&#8211; Coupe combat.<\/div>\n<\/div>\n<div class=\"cxmmr5t8 oygrvhab hcukyx3x c1et5uql o9v6fnle ii04i59q\">\n<div dir=\"auto\">Les r\u00e8glements et horaires seront prochainement communiqu\u00e9s.<\/div>\n<div dir=\"auto\">Les inscriptions seront ouvertes en ligne sur le site f\u00e9d\u00e9ral.<\/div>\n<\/div>\n<div class=\"cxmmr5t8 oygrvhab hcukyx3x c1et5uql o9v6fnle ii04i59q\">\n<div dir=\"auto\">SAMEDI 23\/04 &#8211; Dojo CANU, ALEN\u00c7ON 10-12H : Stage d\u00e9partemental anim\u00e9 par Adrien BOUILLY<\/div>\n<\/div>\n<div class=\"cxmmr5t8 oygrvhab hcukyx3x c1et5uql o9v6fnle ii04i59q\">\n<div dir=\"auto\">SAMEDI 14\/05 &#8211; Dojo CANU, ALEN\u00c7ON 10-12H : Stage d\u00e9partemental anim\u00e9 par Adrien BOUILLY<\/div>\n<\/div>\n<p>[\/vc_column_text][\/vc_column][\/vc_row]<\/p>\n<\/div>","protected":false},"excerpt":{"rendered":"<p>[vc_row][vc_column][vc_column_text] SAMEDI 5\/03 &#8211; Dojo CANU, ALEN\u00c7ON 10-12H : Stage anim\u00e9 par Adrien BOUILLY r\u00e9serv\u00e9 aux MCJS -&gt; Ce stage sera ax\u00e9 sur le kumit\u00e9, dans le cadre de la pr\u00e9paration aux championnats de France. Un intervenant du club d\u2019Alen\u00e7on prendra en charge les stagiaires PPB afin de r\u00e9pondre aux attentes de tous. Il sera [&hellip;]<\/p>\n","protected":false},"author":207,"featured_media":0,"comment_status":"closed","ping_status":"closed","sticky":false,"template":"","format":"standard","meta":{"footnotes":""},"categories":[5],"tags":[],"class_list":["post-402","post","type-post","status-publish","format-standard","hentry","category-actualites"],"_links":{"self":[{"href":"https:\/\/sites.ffkarate.fr\/orne\/wp-json\/wp\/v2\/posts\/402","targetHints":{"allow":["GET"]}}],"collection":[{"href":"https:\/\/sites.ffkarate.fr\/orne\/wp-json\/wp\/v2\/posts"}],"about":[{"href":"https:\/\/sites.ffkarate.fr\/orne\/wp-json\/wp\/v2\/types\/post"}],"author":[{"embeddable":true,"href":"https:\/\/sites.ffkarate.fr\/orne\/wp-json\/wp\/v2\/users\/207"}],"replies":[{"embeddable":true,"href":"https:\/\/sites.ffkarate.fr\/orne\/wp-json\/wp\/v2\/comments?post=402"}],"version-history":[{"count":3,"href":"https:\/\/sites.ffkarate.fr\/orne\/wp-json\/wp\/v2\/posts\/402\/revisions"}],"predecessor-version":[{"id":405,"href":"https:\/\/sites.ffkarate.fr\/orne\/wp-json\/wp\/v2\/posts\/402\/revisions\/405"}],"wp:attachment":[{"href":"https:\/\/sites.ffkarate.fr\/orne\/wp-json\/wp\/v2\/media?parent=402"}],"wp:term":[{"taxonomy":"category","embeddable":true,"href":"https:\/\/sites.ffkarate.fr\/orne\/wp-json\/wp\/v2\/categories?post=402"},{"taxonomy":"post_tag","embeddable":true,"href":"https:\/\/sites.ffkarate.fr\/orne\/wp-json\/wp\/v2\/tags?post=402"}],"curies":[{"name":"wp","href":"https:\/\/api.w.org\/{rel}","templated":true}]}}