{"id":411,"date":"2022-03-23T11:33:15","date_gmt":"2022-03-23T10:33:15","guid":{"rendered":"https:\/\/sites.ffkarate.fr\/orne\/?p=411"},"modified":"2022-04-02T18:06:44","modified_gmt":"2022-04-02T16:06:44","slug":"3-avril-2022-flers-criterium-des-debutants-et-coupe-de-lorne-combat","status":"publish","type":"post","link":"https:\/\/sites.ffkarate.fr\/orne\/2022\/03\/23\/3-avril-2022-flers-criterium-des-debutants-et-coupe-de-lorne-combat\/","title":{"rendered":"3 avril 2022, Flers &#8211; Crit\u00e9rium des d\u00e9butants et Coupe de l&rsquo;Orne combat (GYMNASE MERIENNE &#8211; Rue Pierre Huet, 61100 Flers)"},"content":{"rendered":"<div class=\"wpb-content-wrapper\"><p>[vc_row][vc_column][vc_column_text]A TOUS LES CLUBS de karat\u00e9 de l&rsquo;Orne<\/p>\n<p>Veuillez trouver ci-apr\u00e8s les r\u00e8glements et convocations pour les comp\u00e9titions qui auront lieu \u00e0 Flers le 3 avril prochain<\/p>\n<p>&#8211; matin : le crit\u00e9rium des d\u00e9butants<\/p>\n<p>&#8211; apr\u00e8s-midi : coupe de l&rsquo;Orne combat<\/p>\n<p>Pour le crit\u00e9rium, nous attirons votre attention sur les points suivants (voir le r\u00e8glement)<\/p>\n<p>&#8211; comp\u00e9tition exceptionnellement ouverte aux d\u00e9butants ayant commenc\u00e9 aussi durant la saison 2020-2021 en plus des d\u00e9butants de cette saison. Vos comp\u00e9titeurs ont \u00e0 pr\u00e9senter la licence de l&rsquo;ann\u00e9e en cours et le cas \u00e9ch\u00e9ant celle de l&rsquo;ann\u00e9e pr\u00e9c\u00e9dente. Pas de licences ant\u00e9rieures (saisons 2019-2020 et avant).<\/p>\n<p>&#8211; La comp\u00e9tition est double, kata ET combat. Une seule inscription sur le site f\u00e9d\u00e9ral (la comp\u00e9tition y est indiqu\u00e9e comme \u00e9tant seulement kata), mais la participation aux 2 \u00e9preuves est obligatoire.<\/p>\n<p>Sportivement,<\/p>\n<p>Franck BOUILLY, DTD de l&rsquo;Orne<\/p>\n<p>J-Ph CORMIER, Secr\u00e9taire-adjoint CDOK[\/vc_column_text][\/vc_column][\/vc_row]<\/p>\n<\/div>","protected":false},"excerpt":{"rendered":"<p>[vc_row][vc_column][vc_column_text]A TOUS LES CLUBS de karat\u00e9 de l&rsquo;Orne Veuillez trouver ci-apr\u00e8s les r\u00e8glements et convocations pour les comp\u00e9titions qui auront lieu \u00e0 Flers le 3 avril prochain &#8211; matin : le crit\u00e9rium des d\u00e9butants &#8211; apr\u00e8s-midi : coupe de l&rsquo;Orne combat Pour le crit\u00e9rium, nous attirons votre attention sur les points suivants (voir le r\u00e8glement) [&hellip;]<\/p>\n","protected":false},"author":207,"featured_media":0,"comment_status":"closed","ping_status":"closed","sticky":false,"template":"","format":"standard","meta":{"footnotes":""},"categories":[1],"tags":[],"class_list":["post-411","post","type-post","status-publish","format-standard","hentry","category-non-classe"],"_links":{"self":[{"href":"https:\/\/sites.ffkarate.fr\/orne\/wp-json\/wp\/v2\/posts\/411","targetHints":{"allow":["GET"]}}],"collection":[{"href":"https:\/\/sites.ffkarate.fr\/orne\/wp-json\/wp\/v2\/posts"}],"about":[{"href":"https:\/\/sites.ffkarate.fr\/orne\/wp-json\/wp\/v2\/types\/post"}],"author":[{"embeddable":true,"href":"https:\/\/sites.ffkarate.fr\/orne\/wp-json\/wp\/v2\/users\/207"}],"replies":[{"embeddable":true,"href":"https:\/\/sites.ffkarate.fr\/orne\/wp-json\/wp\/v2\/comments?post=411"}],"version-history":[{"count":3,"href":"https:\/\/sites.ffkarate.fr\/orne\/wp-json\/wp\/v2\/posts\/411\/revisions"}],"predecessor-version":[{"id":415,"href":"https:\/\/sites.ffkarate.fr\/orne\/wp-json\/wp\/v2\/posts\/411\/revisions\/415"}],"wp:attachment":[{"href":"https:\/\/sites.ffkarate.fr\/orne\/wp-json\/wp\/v2\/media?parent=411"}],"wp:term":[{"taxonomy":"category","embeddable":true,"href":"https:\/\/sites.ffkarate.fr\/orne\/wp-json\/wp\/v2\/categories?post=411"},{"taxonomy":"post_tag","embeddable":true,"href":"https:\/\/sites.ffkarate.fr\/orne\/wp-json\/wp\/v2\/tags?post=411"}],"curies":[{"name":"wp","href":"https:\/\/api.w.org\/{rel}","templated":true}]}}