{"id":519,"date":"2022-10-21T17:45:14","date_gmt":"2022-10-21T15:45:14","guid":{"rendered":"https:\/\/sites.ffkarate.fr\/orne\/?p=519"},"modified":"2022-10-21T17:53:26","modified_gmt":"2022-10-21T15:53:26","slug":"retour-sur-le-stage-expert-federal-et-japon-karate-shukokai-samedi-15-octobre-14h-dojo-canu-alencon","status":"publish","type":"post","link":"https:\/\/sites.ffkarate.fr\/orne\/2022\/10\/21\/retour-sur-le-stage-expert-federal-et-japon-karate-shukokai-samedi-15-octobre-14h-dojo-canu-alencon\/","title":{"rendered":"RETOUR sur le Stage Expert f\u00e9d\u00e9ral et Japon &#8211; Karat\u00e9 SHUKOKAI &#8211; Samedi 15 octobre 14h &#8211; Dojo CANU, ALEN\u00c7ON"},"content":{"rendered":"<div class=\"wpb-content-wrapper\"><p>[vc_row][vc_column][vc_column_text]<\/p>\n<div dir=\"auto\">54 participants des clubs de l&rsquo;Orne, de la Sarthe, de l&rsquo;Eure, l&rsquo;Eure et Loir, la Mayenne et de Toulon &#8230;. !<\/div>\n<div dir=\"auto\"><\/div>\n<div dir=\"auto\">Ce stage a permis de d\u00e9couvrir l&rsquo;art du grand ma\u00eetre de karat, repr\u00e9sentant mondial du Karat\u00e9 Shukoka\u00ef (\u00e9cole Yamada-Ha Shito-Ryu Shukokai, Kamohara Sensei), expert 9\u00e8me dan FFK et 9\u00e8me dan Japon. Un tr\u00e8s beau stage, de grande qualit\u00e9.<\/div>\n<div dir=\"auto\"><\/div>\n<div dir=\"auto\">Bravo \u00e0 vous pour cette participation <span class=\"x3nfvp2 x1j61x8r x1fcty0u xdj266r xhhsvwb xat24cr xgzva0m xxymvpz xlup9mm x1kky2od\"><img decoding=\"async\" src=\"https:\/\/static.xx.fbcdn.net\/images\/emoji.php\/v9\/t1f\/2\/16\/1f64f.png\" alt=\"\ud83d\ude4f\" width=\"16\" height=\"16\" \/>\u00a0<\/span><\/div>\n<p>[\/vc_column_text][\/vc_column][\/vc_row][vc_row][vc_column][vc_gallery images=\u00a0\u00bb530,529,528,527,526,525,524,523,522,521,520,535,488&Prime;][\/vc_column][\/vc_row]<\/p>\n<\/div>","protected":false},"excerpt":{"rendered":"<p>[vc_row][vc_column][vc_column_text] 54 participants des clubs de l&rsquo;Orne, de la Sarthe, de l&rsquo;Eure, l&rsquo;Eure et Loir, la Mayenne et de Toulon &#8230;. ! Ce stage a permis de d\u00e9couvrir l&rsquo;art du grand ma\u00eetre de karat, repr\u00e9sentant mondial du Karat\u00e9 Shukoka\u00ef (\u00e9cole Yamada-Ha Shito-Ryu Shukokai, Kamohara Sensei), expert 9\u00e8me dan FFK et 9\u00e8me dan Japon. Un tr\u00e8s [&hellip;]<\/p>\n","protected":false},"author":207,"featured_media":0,"comment_status":"closed","ping_status":"closed","sticky":false,"template":"","format":"standard","meta":{"footnotes":""},"categories":[1],"tags":[],"class_list":["post-519","post","type-post","status-publish","format-standard","hentry","category-non-classe"],"_links":{"self":[{"href":"https:\/\/sites.ffkarate.fr\/orne\/wp-json\/wp\/v2\/posts\/519","targetHints":{"allow":["GET"]}}],"collection":[{"href":"https:\/\/sites.ffkarate.fr\/orne\/wp-json\/wp\/v2\/posts"}],"about":[{"href":"https:\/\/sites.ffkarate.fr\/orne\/wp-json\/wp\/v2\/types\/post"}],"author":[{"embeddable":true,"href":"https:\/\/sites.ffkarate.fr\/orne\/wp-json\/wp\/v2\/users\/207"}],"replies":[{"embeddable":true,"href":"https:\/\/sites.ffkarate.fr\/orne\/wp-json\/wp\/v2\/comments?post=519"}],"version-history":[{"count":5,"href":"https:\/\/sites.ffkarate.fr\/orne\/wp-json\/wp\/v2\/posts\/519\/revisions"}],"predecessor-version":[{"id":536,"href":"https:\/\/sites.ffkarate.fr\/orne\/wp-json\/wp\/v2\/posts\/519\/revisions\/536"}],"wp:attachment":[{"href":"https:\/\/sites.ffkarate.fr\/orne\/wp-json\/wp\/v2\/media?parent=519"}],"wp:term":[{"taxonomy":"category","embeddable":true,"href":"https:\/\/sites.ffkarate.fr\/orne\/wp-json\/wp\/v2\/categories?post=519"},{"taxonomy":"post_tag","embeddable":true,"href":"https:\/\/sites.ffkarate.fr\/orne\/wp-json\/wp\/v2\/tags?post=519"}],"curies":[{"name":"wp","href":"https:\/\/api.w.org\/{rel}","templated":true}]}}