{"id":557,"date":"2022-11-22T17:40:48","date_gmt":"2022-11-22T16:40:48","guid":{"rendered":"https:\/\/sites.ffkarate.fr\/orne\/?p=557"},"modified":"2023-01-02T17:30:13","modified_gmt":"2023-01-02T16:30:13","slug":"kumite-championnat-departemental-individuel-qualificatif-et-coupe-departementale-individuelle-11-12-22-gymnase-merienne-quartier-saint-sauveur-flers","status":"publish","type":"post","link":"https:\/\/sites.ffkarate.fr\/orne\/2022\/11\/22\/kumite-championnat-departemental-individuel-qualificatif-et-coupe-departementale-individuelle-11-12-22-gymnase-merienne-quartier-saint-sauveur-flers\/","title":{"rendered":"Kumit\u00e9 &#8211; Championnat D\u00e9partemental Individuel (Qualificatif) et Coupe d\u00e9partementale individuelle &#8211; 11\/12\/22 &#8211; Gymnase M\u00e9rienne, quartier Saint-Sauveur, FLERS"},"content":{"rendered":"<div class=\"wpb-content-wrapper\"><p>[vc_row][vc_column][vc_column_text]A TOUS LES CLUBS DE KARAT\u00c9 :<\/p>\n<p>Mmes et MM les pr\u00e9sidents et professeurs,<\/p>\n<p>Les comp\u00e9titions qualificatives combat d\u00e9partementales auront lieu le <strong>dimanche 11 d\u00e9cembre \u00e0 Flers<\/strong>, le dojo Fabien Canu d&rsquo;Alen\u00e7on n&rsquo;\u00e9tant pas disponible.Veuillez trouver le r\u00e8glement et les horaires de convocation en PJ.<\/p>\n<p>Les inscriptions sont ouvertes sur le site f\u00e9d\u00e9ral. Comme il vous est expliqu\u00e9, il y a deux comp\u00e9titions distinctes :<\/p>\n<p>&#8211; la coupe pour les PPB<\/p>\n<p>&#8211; le championnat pour les MCJS.<\/p>\n<p>Apparemment, le logiciel f\u00e9d\u00e9ral fait bien maintenant la distinction entre les sexes, je n&rsquo;ai donc pas cr\u00e9\u00e9 de comp\u00e9titions s\u00e9par\u00e9es masculines et f\u00e9minines. Faites n\u00e9anmoins attention lors de l&rsquo;inscription de vos comp\u00e9titeurs. Pas d&rsquo;erreur = pas de perte de temps ! Vous veillerez \u00e9galement \u00e0 ne pr\u00e9senter que des comp\u00e9titeurs \u00e0 jour (licences, passeport, autorisation parentale quand n\u00e9cessaire. Pas de probl\u00e8me = pas de perte de temps !! Et comme d&rsquo;habitude, que leur \u00e9quipement, individuel ou collectif du club soit \u00e9galement complet. Pas d&rsquo;oubli = pas de perte de temps !!!<\/p>\n<p>Avec mes meilleurs sentiments sportifs,<\/p>\n<div class=\"io-ox-signature\">\n<p>J-Ph CORMIER<\/p>\n<p>Secr\u00e9taire-adjoint CDOK<\/p>\n<\/div>\n<p>[\/vc_column_text][\/vc_column][\/vc_row]<\/p>\n<\/div>","protected":false},"excerpt":{"rendered":"<p>[vc_row][vc_column][vc_column_text]A TOUS LES CLUBS DE KARAT\u00c9 : Mmes et MM les pr\u00e9sidents et professeurs, Les comp\u00e9titions qualificatives combat d\u00e9partementales auront lieu le dimanche 11 d\u00e9cembre \u00e0 Flers, le dojo Fabien Canu d&rsquo;Alen\u00e7on n&rsquo;\u00e9tant pas disponible.Veuillez trouver le r\u00e8glement et les horaires de convocation en PJ. Les inscriptions sont ouvertes sur le site f\u00e9d\u00e9ral. Comme il [&hellip;]<\/p>\n","protected":false},"author":207,"featured_media":0,"comment_status":"closed","ping_status":"closed","sticky":false,"template":"","format":"standard","meta":{"footnotes":""},"categories":[5,10,14],"tags":[],"class_list":["post-557","post","type-post","status-publish","format-standard","hentry","category-actualites","category-competitions","category-karate"],"_links":{"self":[{"href":"https:\/\/sites.ffkarate.fr\/orne\/wp-json\/wp\/v2\/posts\/557","targetHints":{"allow":["GET"]}}],"collection":[{"href":"https:\/\/sites.ffkarate.fr\/orne\/wp-json\/wp\/v2\/posts"}],"about":[{"href":"https:\/\/sites.ffkarate.fr\/orne\/wp-json\/wp\/v2\/types\/post"}],"author":[{"embeddable":true,"href":"https:\/\/sites.ffkarate.fr\/orne\/wp-json\/wp\/v2\/users\/207"}],"replies":[{"embeddable":true,"href":"https:\/\/sites.ffkarate.fr\/orne\/wp-json\/wp\/v2\/comments?post=557"}],"version-history":[{"count":2,"href":"https:\/\/sites.ffkarate.fr\/orne\/wp-json\/wp\/v2\/posts\/557\/revisions"}],"predecessor-version":[{"id":559,"href":"https:\/\/sites.ffkarate.fr\/orne\/wp-json\/wp\/v2\/posts\/557\/revisions\/559"}],"wp:attachment":[{"href":"https:\/\/sites.ffkarate.fr\/orne\/wp-json\/wp\/v2\/media?parent=557"}],"wp:term":[{"taxonomy":"category","embeddable":true,"href":"https:\/\/sites.ffkarate.fr\/orne\/wp-json\/wp\/v2\/categories?post=557"},{"taxonomy":"post_tag","embeddable":true,"href":"https:\/\/sites.ffkarate.fr\/orne\/wp-json\/wp\/v2\/tags?post=557"}],"curies":[{"name":"wp","href":"https:\/\/api.w.org\/{rel}","templated":true}]}}