{"id":589,"date":"2022-12-24T18:20:57","date_gmt":"2022-12-24T17:20:57","guid":{"rendered":"https:\/\/sites.ffkarate.fr\/orne\/?p=589"},"modified":"2022-12-24T18:21:40","modified_gmt":"2022-12-24T17:21:40","slug":"deauville-le-4-12-2022-adrien-bouilly-obtient-la-premier-place-de-sa-categorie-a-lopen-de-normandie","status":"publish","type":"post","link":"https:\/\/sites.ffkarate.fr\/orne\/2022\/12\/24\/deauville-le-4-12-2022-adrien-bouilly-obtient-la-premier-place-de-sa-categorie-a-lopen-de-normandie\/","title":{"rendered":"Deauville, le 4\/12\/2022, Adrien BOUILLY obtient la premier place de sa cat\u00e9gorie \u00e0 l&rsquo;Open de Normandie"},"content":{"rendered":"<div class=\"wpb-content-wrapper\"><p>[vc_row][vc_column][vc_column_text]<\/p>\n<div dir=\"auto\">F\u00e9licitations \u00e0 Adrien BOUILLY ! 1er \u00e0 l&rsquo;Open de Normandie qui se passait \u00e0 Deauville.<\/div>\n<div dir=\"auto\"><\/div>\n<div dir=\"auto\">Adrien , entraineur d\u00e9partemental et adh\u00e9rent au KSDA remporte la demi finale 8\/0 et la finale 9\/1 .<\/div>\n<div dir=\"auto\"><\/div>\n<div dir=\"auto\">\u00a0Bravo ! <span class=\"x3nfvp2 x1j61x8r x1fcty0u xdj266r xhhsvwb xat24cr xgzva0m xxymvpz xlup9mm x1kky2od\"><img decoding=\"async\" src=\"https:\/\/static.xx.fbcdn.net\/images\/emoji.php\/v9\/t57\/1\/16\/1f609.png\" alt=\"\ud83d\ude09\" width=\"16\" height=\"16\" \/><\/span><\/div>\n<div dir=\"auto\"><\/div>\n<div dir=\"auto\"><img decoding=\"async\" class=\"alignnone size-medium wp-image-590\" src=\"https:\/\/sites.ffkarate.fr\/orne\/wp-content\/uploads\/sites\/139\/2022\/12\/318304954_639085801340595_9144231681812083917_n-300x282.jpg\" alt=\"\" width=\"300\" height=\"282\" srcset=\"https:\/\/sites.ffkarate.fr\/orne\/wp-content\/uploads\/sites\/139\/2022\/12\/318304954_639085801340595_9144231681812083917_n-300x282.jpg 300w, https:\/\/sites.ffkarate.fr\/orne\/wp-content\/uploads\/sites\/139\/2022\/12\/318304954_639085801340595_9144231681812083917_n-1024x963.jpg 1024w, https:\/\/sites.ffkarate.fr\/orne\/wp-content\/uploads\/sites\/139\/2022\/12\/318304954_639085801340595_9144231681812083917_n-768x722.jpg 768w, https:\/\/sites.ffkarate.fr\/orne\/wp-content\/uploads\/sites\/139\/2022\/12\/318304954_639085801340595_9144231681812083917_n-1536x1444.jpg 1536w, https:\/\/sites.ffkarate.fr\/orne\/wp-content\/uploads\/sites\/139\/2022\/12\/318304954_639085801340595_9144231681812083917_n.jpg 1779w\" sizes=\"(max-width: 300px) 100vw, 300px\" \/><\/div>\n<p>[\/vc_column_text][\/vc_column][\/vc_row]<\/p>\n<\/div>","protected":false},"excerpt":{"rendered":"<p>[vc_row][vc_column][vc_column_text] F\u00e9licitations \u00e0 Adrien BOUILLY ! 1er \u00e0 l&rsquo;Open de Normandie qui se passait \u00e0 Deauville. Adrien , entraineur d\u00e9partemental et adh\u00e9rent au KSDA remporte la demi finale 8\/0 et la finale 9\/1 . \u00a0Bravo ! [\/vc_column_text][\/vc_column][\/vc_row]<\/p>\n","protected":false},"author":207,"featured_media":0,"comment_status":"closed","ping_status":"closed","sticky":false,"template":"","format":"standard","meta":{"footnotes":""},"categories":[1],"tags":[],"class_list":["post-589","post","type-post","status-publish","format-standard","hentry","category-non-classe"],"_links":{"self":[{"href":"https:\/\/sites.ffkarate.fr\/orne\/wp-json\/wp\/v2\/posts\/589","targetHints":{"allow":["GET"]}}],"collection":[{"href":"https:\/\/sites.ffkarate.fr\/orne\/wp-json\/wp\/v2\/posts"}],"about":[{"href":"https:\/\/sites.ffkarate.fr\/orne\/wp-json\/wp\/v2\/types\/post"}],"author":[{"embeddable":true,"href":"https:\/\/sites.ffkarate.fr\/orne\/wp-json\/wp\/v2\/users\/207"}],"replies":[{"embeddable":true,"href":"https:\/\/sites.ffkarate.fr\/orne\/wp-json\/wp\/v2\/comments?post=589"}],"version-history":[{"count":2,"href":"https:\/\/sites.ffkarate.fr\/orne\/wp-json\/wp\/v2\/posts\/589\/revisions"}],"predecessor-version":[{"id":592,"href":"https:\/\/sites.ffkarate.fr\/orne\/wp-json\/wp\/v2\/posts\/589\/revisions\/592"}],"wp:attachment":[{"href":"https:\/\/sites.ffkarate.fr\/orne\/wp-json\/wp\/v2\/media?parent=589"}],"wp:term":[{"taxonomy":"category","embeddable":true,"href":"https:\/\/sites.ffkarate.fr\/orne\/wp-json\/wp\/v2\/categories?post=589"},{"taxonomy":"post_tag","embeddable":true,"href":"https:\/\/sites.ffkarate.fr\/orne\/wp-json\/wp\/v2\/tags?post=589"}],"curies":[{"name":"wp","href":"https:\/\/api.w.org\/{rel}","templated":true}]}}