{"id":699,"date":"2023-03-07T19:42:10","date_gmt":"2023-03-07T18:42:10","guid":{"rendered":"https:\/\/sites.ffkarate.fr\/orne\/?p=699"},"modified":"2023-03-07T19:42:10","modified_gmt":"2023-03-07T18:42:10","slug":"02-avril-2023-criterium-debutants-orne-katacombat-dojo-fabien-canu-alencon","status":"publish","type":"post","link":"https:\/\/sites.ffkarate.fr\/orne\/2023\/03\/07\/02-avril-2023-criterium-debutants-orne-katacombat-dojo-fabien-canu-alencon\/","title":{"rendered":"02 AVRIL 2023 &#8211; Crit\u00e9rium d\u00e9butants Orne Kata+Combat &#8211; Dojo Fabien CANU (Alen\u00e7on)"},"content":{"rendered":"<div class=\"wpb-content-wrapper\"><p>[vc_row][vc_column][vc_column_text]<\/p>\n<ul>\n<li>Comp\u00e9tition r\u00e9serv\u00e9e aux comp\u00e9titeurs ou comp\u00e9titrices <strong>ayant d\u00e9but\u00e9 la pratique du karat\u00e9 cette saison (<u>une seule licence<\/u>; <\/strong>apr\u00e8s les dispositions particuli\u00e8res prises l\u2019an dernier \u00e0 cause de la crise COVID, nous revenons \u00e0 la formule traditionnelle<strong>)<\/strong>.<\/li>\n<li>Pas de restriction de nationalit\u00e9.<\/li>\n<li>Inscriptions illimit\u00e9es par club.<\/li>\n<\/ul>\n<p>&nbsp;<\/p>\n<p>Vous trouverez ci-apr\u00e8s le r\u00e8glement:\u00a0<a href=\"https:\/\/sites.ffkarate.fr\/orne\/wp-content\/uploads\/sites\/139\/2023\/03\/2023.4.02-Criterium-debutants-2023.pdf\">https:\/\/sites.ffkarate.fr\/orne\/wp-content\/uploads\/sites\/139\/2023\/03\/2023.4.02-Criterium-debutants-2023.pdf<\/a>[\/vc_column_text][\/vc_column][\/vc_row]<\/p>\n<\/div>","protected":false},"excerpt":{"rendered":"<p>[vc_row][vc_column][vc_column_text] Comp\u00e9tition r\u00e9serv\u00e9e aux comp\u00e9titeurs ou comp\u00e9titrices ayant d\u00e9but\u00e9 la pratique du karat\u00e9 cette saison (une seule licence; apr\u00e8s les dispositions particuli\u00e8res prises l\u2019an dernier \u00e0 cause de la crise COVID, nous revenons \u00e0 la formule traditionnelle). Pas de restriction de nationalit\u00e9. Inscriptions illimit\u00e9es par club. &nbsp; Vous trouverez ci-apr\u00e8s le r\u00e8glement:\u00a0https:\/\/sites.ffkarate.fr\/orne\/wp-content\/uploads\/sites\/139\/2023\/03\/2023.4.02-Criterium-debutants-2023.pdf[\/vc_column_text][\/vc_column][\/vc_row]<\/p>\n","protected":false},"author":207,"featured_media":0,"comment_status":"closed","ping_status":"closed","sticky":false,"template":"","format":"standard","meta":{"footnotes":""},"categories":[10],"tags":[],"class_list":["post-699","post","type-post","status-publish","format-standard","hentry","category-competitions"],"_links":{"self":[{"href":"https:\/\/sites.ffkarate.fr\/orne\/wp-json\/wp\/v2\/posts\/699","targetHints":{"allow":["GET"]}}],"collection":[{"href":"https:\/\/sites.ffkarate.fr\/orne\/wp-json\/wp\/v2\/posts"}],"about":[{"href":"https:\/\/sites.ffkarate.fr\/orne\/wp-json\/wp\/v2\/types\/post"}],"author":[{"embeddable":true,"href":"https:\/\/sites.ffkarate.fr\/orne\/wp-json\/wp\/v2\/users\/207"}],"replies":[{"embeddable":true,"href":"https:\/\/sites.ffkarate.fr\/orne\/wp-json\/wp\/v2\/comments?post=699"}],"version-history":[{"count":2,"href":"https:\/\/sites.ffkarate.fr\/orne\/wp-json\/wp\/v2\/posts\/699\/revisions"}],"predecessor-version":[{"id":701,"href":"https:\/\/sites.ffkarate.fr\/orne\/wp-json\/wp\/v2\/posts\/699\/revisions\/701"}],"wp:attachment":[{"href":"https:\/\/sites.ffkarate.fr\/orne\/wp-json\/wp\/v2\/media?parent=699"}],"wp:term":[{"taxonomy":"category","embeddable":true,"href":"https:\/\/sites.ffkarate.fr\/orne\/wp-json\/wp\/v2\/categories?post=699"},{"taxonomy":"post_tag","embeddable":true,"href":"https:\/\/sites.ffkarate.fr\/orne\/wp-json\/wp\/v2\/tags?post=699"}],"curies":[{"name":"wp","href":"https:\/\/api.w.org\/{rel}","templated":true}]}}