{"id":710,"date":"2023-04-03T11:36:44","date_gmt":"2023-04-03T09:36:44","guid":{"rendered":"https:\/\/sites.ffkarate.fr\/orne\/?p=710"},"modified":"2023-04-03T11:38:40","modified_gmt":"2023-04-03T09:38:40","slug":"resultats-du-criterium-debutants-orne-katacombat-du-2-4-23","status":"publish","type":"post","link":"https:\/\/sites.ffkarate.fr\/orne\/2023\/04\/03\/resultats-du-criterium-debutants-orne-katacombat-du-2-4-23\/","title":{"rendered":"R\u00e9sultats du Crit\u00e9rium d\u00e9butants Orne Kata+Combat du 2.4.23"},"content":{"rendered":"<div class=\"wpb-content-wrapper\"><p>[vc_row][vc_column][vc_column_text]Vous trouverez ci-apr\u00e8s les r\u00e9sultats de l&rsquo;open d\u00e9butants du 02.04.23 \u00e0 Alen\u00e7on.<\/p>\n<p>F\u00e9licitations \u00e0 tous les participants et \u00e0 notre jeune arbitre Manon LECAMUS qui a \u00e9t\u00e9 re\u00e7ue \u00e0 l&rsquo;examen d&rsquo;arbitre Kumite D\u00e9partemental A (combat).<\/p>\n<p>Sportivement v\u00f4tre<\/p>\n<p><img decoding=\"async\" class=\"alignnone size-medium wp-image-712\" src=\"https:\/\/sites.ffkarate.fr\/orne\/wp-content\/uploads\/sites\/139\/2023\/04\/339313962_240396381741290_2184290460112255876_n-225x300.jpg\" alt=\"\" width=\"225\" height=\"300\" srcset=\"https:\/\/sites.ffkarate.fr\/orne\/wp-content\/uploads\/sites\/139\/2023\/04\/339313962_240396381741290_2184290460112255876_n-225x300.jpg 225w, https:\/\/sites.ffkarate.fr\/orne\/wp-content\/uploads\/sites\/139\/2023\/04\/339313962_240396381741290_2184290460112255876_n-768x1024.jpg 768w, https:\/\/sites.ffkarate.fr\/orne\/wp-content\/uploads\/sites\/139\/2023\/04\/339313962_240396381741290_2184290460112255876_n-1152x1536.jpg 1152w, https:\/\/sites.ffkarate.fr\/orne\/wp-content\/uploads\/sites\/139\/2023\/04\/339313962_240396381741290_2184290460112255876_n.jpg 1536w\" sizes=\"(max-width: 225px) 100vw, 225px\" \/><\/p>\n<p><em>Photo EKS &#8211; \u00c9cole de Karat\u00e9 Sagienne<\/em>[\/vc_column_text][\/vc_column][\/vc_row]<\/p>\n<\/div>","protected":false},"excerpt":{"rendered":"<p>[vc_row][vc_column][vc_column_text]Vous trouverez ci-apr\u00e8s les r\u00e9sultats de l&rsquo;open d\u00e9butants du 02.04.23 \u00e0 Alen\u00e7on. F\u00e9licitations \u00e0 tous les participants et \u00e0 notre jeune arbitre Manon LECAMUS qui a \u00e9t\u00e9 re\u00e7ue \u00e0 l&rsquo;examen d&rsquo;arbitre Kumite D\u00e9partemental A (combat). Sportivement v\u00f4tre Photo EKS &#8211; \u00c9cole de Karat\u00e9 Sagienne[\/vc_column_text][\/vc_column][\/vc_row]<\/p>\n","protected":false},"author":207,"featured_media":0,"comment_status":"closed","ping_status":"closed","sticky":false,"template":"","format":"standard","meta":{"footnotes":""},"categories":[10],"tags":[],"class_list":["post-710","post","type-post","status-publish","format-standard","hentry","category-competitions"],"_links":{"self":[{"href":"https:\/\/sites.ffkarate.fr\/orne\/wp-json\/wp\/v2\/posts\/710","targetHints":{"allow":["GET"]}}],"collection":[{"href":"https:\/\/sites.ffkarate.fr\/orne\/wp-json\/wp\/v2\/posts"}],"about":[{"href":"https:\/\/sites.ffkarate.fr\/orne\/wp-json\/wp\/v2\/types\/post"}],"author":[{"embeddable":true,"href":"https:\/\/sites.ffkarate.fr\/orne\/wp-json\/wp\/v2\/users\/207"}],"replies":[{"embeddable":true,"href":"https:\/\/sites.ffkarate.fr\/orne\/wp-json\/wp\/v2\/comments?post=710"}],"version-history":[{"count":3,"href":"https:\/\/sites.ffkarate.fr\/orne\/wp-json\/wp\/v2\/posts\/710\/revisions"}],"predecessor-version":[{"id":715,"href":"https:\/\/sites.ffkarate.fr\/orne\/wp-json\/wp\/v2\/posts\/710\/revisions\/715"}],"wp:attachment":[{"href":"https:\/\/sites.ffkarate.fr\/orne\/wp-json\/wp\/v2\/media?parent=710"}],"wp:term":[{"taxonomy":"category","embeddable":true,"href":"https:\/\/sites.ffkarate.fr\/orne\/wp-json\/wp\/v2\/categories?post=710"},{"taxonomy":"post_tag","embeddable":true,"href":"https:\/\/sites.ffkarate.fr\/orne\/wp-json\/wp\/v2\/tags?post=710"}],"curies":[{"name":"wp","href":"https:\/\/api.w.org\/{rel}","templated":true}]}}