{"id":741,"date":"2023-10-07T15:02:10","date_gmt":"2023-10-07T13:02:10","guid":{"rendered":"https:\/\/sites.ffkarate.fr\/orne\/?p=741"},"modified":"2023-10-07T15:02:10","modified_gmt":"2023-10-07T13:02:10","slug":"a-vos-agendas-28-10-23-stage-biomecanique-dirige-par-bertrand-kron-dojo-canu-alencon","status":"publish","type":"post","link":"https:\/\/sites.ffkarate.fr\/orne\/2023\/10\/07\/a-vos-agendas-28-10-23-stage-biomecanique-dirige-par-bertrand-kron-dojo-canu-alencon\/","title":{"rendered":"A vos agendas &#8211; 28.10.23 Stage Biom\u00e9canique dirig\u00e9 par Bertrand KRON &#8211; Dojo CANU ALEN\u00c7ON"},"content":{"rendered":"<div class=\"wpb-content-wrapper\"><p>[vc_row][vc_column][vc_column_text]<\/p>\n<div class=\"x1e56ztr\"><span class=\"x193iq5w xeuugli x13faqbe x1vvkbs xlh3980 xvmahel x1n0sxbx x6prxxf xvq8zen xo1l8bm xzsf02u\">Nouveau stage de biom\u00e9canique du karat\u00e9 organis\u00e9 par le Comit\u00e9 d\u00e9partemental de l&rsquo;Orne de Karat\u00e9 et Disciplines Associ\u00e9es \u00e0 <a class=\"x1i10hfl xjbqb8w x6umtig x1b1mbwd xaqea5y xav7gou x9f619 x1ypdohk xt0psk2 xe8uvvx xdj266r x11i5rnm xat24cr x1mh8g0r xexx8yu x4uap5 x18d9i69 xkhd6sd x16tdsg8 x1hl2dhg xggy1nq x1a2a7pz xt0b8zv x1qq9wsj xo1l8bm\" role=\"link\" href=\"https:\/\/www.facebook.com\/Alen%C3%A7on-105480866153385\/?__cft__[0]=AZXR1D9dUa77SzKRfOS_HgN6da7wBqiH9O57ZaoFjz01gOLU0EbY_1R1jm2_7Eo52c30hDoH0eYuoHWpejopVSdAQpGffuedHqnOm0QjG8DsCkNgaxS78f3MlZ1SGvjsBogboNj4TWKvdP2NN9oMoGWpptF3votVdBQ8EOkr6P0qvfOYutXStpw4txVb3HHKWe8&amp;__tn__=kK-y-R\" target=\"_blank\" rel=\"noopener\"><span class=\"xt0psk2\">Alen\u00e7on<\/span><\/a>.<\/span><\/div>\n<div><\/div>\n<div class=\"x1e56ztr\"><span class=\"x193iq5w xeuugli x13faqbe x1vvkbs xlh3980 xvmahel x1n0sxbx x6prxxf xvq8zen xo1l8bm xzsf02u\">Stage GRATUIT Ouvert \u00e0 toutes les disciplines martiales !<br \/>\n<\/span><\/div>\n<div><\/div>\n<div class=\"x1e56ztr\"><span class=\"x193iq5w xeuugli x13faqbe x1vvkbs xlh3980 xvmahel x1n0sxbx x6prxxf xvq8zen xo1l8bm xzsf02u\">10h \/ 12h &#8211; Fondamentaux de biom\u00e9canique<\/span><\/div>\n<ul class=\"x1e56ztr x1xmf6yo x1xfsgkm xtaz4m5\">\n<li>\n<div class=\"x1e56ztr\"><span class=\"x193iq5w xeuugli x13faqbe x1vvkbs xlh3980 xvmahel x1n0sxbx x6prxxf xvq8zen xo1l8bm xzsf02u\">Appuis, Aplombs, Ancrages, Alignements<\/span><\/div>\n<\/li>\n<li>\n<div class=\"x1e56ztr\"><span class=\"x193iq5w xeuugli x13faqbe x1vvkbs xlh3980 xvmahel x1n0sxbx x6prxxf xvq8zen xo1l8bm xzsf02u\">La pr\u00e9servation de la sant\u00e9 et de l&rsquo;appareil locomoteur \u00e0 long terme par la biom\u00e9canique<\/span><\/div>\n<\/li>\n<\/ul>\n<div class=\"x1e56ztr\"><span class=\"x193iq5w xeuugli x13faqbe x1vvkbs xlh3980 xvmahel x1n0sxbx x6prxxf xvq8zen xo1l8bm xzsf02u\">14h \/17h &#8211; Applications<\/span><\/div>\n<ul class=\"x1e56ztr x1xmf6yo x1xfsgkm xtaz4m5\">\n<li>\n<div class=\"x1e56ztr\"><span class=\"x193iq5w xeuugli x13faqbe x1vvkbs xlh3980 xvmahel x1n0sxbx x6prxxf xvq8zen xo1l8bm xzsf02u\">Techniques de poings<\/span><\/div>\n<\/li>\n<li>\n<div class=\"x1e56ztr\"><span class=\"x193iq5w xeuugli x13faqbe x1vvkbs xlh3980 xvmahel x1n0sxbx x6prxxf xvq8zen xo1l8bm xzsf02u\">Techniques de jambes<\/span><\/div>\n<\/li>\n<li>\n<div class=\"x1e56ztr\"><span class=\"x193iq5w xeuugli x13faqbe x1vvkbs xlh3980 xvmahel x1n0sxbx x6prxxf xvq8zen xo1l8bm xzsf02u\">Encha\u00eenements techniques et combat<\/span><\/div>\n<\/li>\n<\/ul>\n<p>[\/vc_column_text][vc_single_image image=\u00a0\u00bb739&Prime;][\/vc_column][\/vc_row]<\/p>\n<\/div>","protected":false},"excerpt":{"rendered":"<p>[vc_row][vc_column][vc_column_text] Nouveau stage de biom\u00e9canique du karat\u00e9 organis\u00e9 par le Comit\u00e9 d\u00e9partemental de l&rsquo;Orne de Karat\u00e9 et Disciplines Associ\u00e9es \u00e0 Alen\u00e7on. Stage GRATUIT Ouvert \u00e0 toutes les disciplines martiales ! 10h \/ 12h &#8211; Fondamentaux de biom\u00e9canique Appuis, Aplombs, Ancrages, Alignements La pr\u00e9servation de la sant\u00e9 et de l&rsquo;appareil locomoteur \u00e0 long terme par la [&hellip;]<\/p>\n","protected":false},"author":207,"featured_media":0,"comment_status":"closed","ping_status":"closed","sticky":false,"template":"","format":"standard","meta":{"footnotes":""},"categories":[19],"tags":[],"class_list":["post-741","post","type-post","status-publish","format-standard","hentry","category-stages"],"_links":{"self":[{"href":"https:\/\/sites.ffkarate.fr\/orne\/wp-json\/wp\/v2\/posts\/741","targetHints":{"allow":["GET"]}}],"collection":[{"href":"https:\/\/sites.ffkarate.fr\/orne\/wp-json\/wp\/v2\/posts"}],"about":[{"href":"https:\/\/sites.ffkarate.fr\/orne\/wp-json\/wp\/v2\/types\/post"}],"author":[{"embeddable":true,"href":"https:\/\/sites.ffkarate.fr\/orne\/wp-json\/wp\/v2\/users\/207"}],"replies":[{"embeddable":true,"href":"https:\/\/sites.ffkarate.fr\/orne\/wp-json\/wp\/v2\/comments?post=741"}],"version-history":[{"count":2,"href":"https:\/\/sites.ffkarate.fr\/orne\/wp-json\/wp\/v2\/posts\/741\/revisions"}],"predecessor-version":[{"id":743,"href":"https:\/\/sites.ffkarate.fr\/orne\/wp-json\/wp\/v2\/posts\/741\/revisions\/743"}],"wp:attachment":[{"href":"https:\/\/sites.ffkarate.fr\/orne\/wp-json\/wp\/v2\/media?parent=741"}],"wp:term":[{"taxonomy":"category","embeddable":true,"href":"https:\/\/sites.ffkarate.fr\/orne\/wp-json\/wp\/v2\/categories?post=741"},{"taxonomy":"post_tag","embeddable":true,"href":"https:\/\/sites.ffkarate.fr\/orne\/wp-json\/wp\/v2\/tags?post=741"}],"curies":[{"name":"wp","href":"https:\/\/api.w.org\/{rel}","templated":true}]}}