{"id":3555,"date":"2024-10-07T20:50:38","date_gmt":"2024-10-07T18:50:38","guid":{"rendered":"https:\/\/sites.ffkarate.fr\/pasdecalais\/?p=3555"},"modified":"2024-10-07T20:58:55","modified_gmt":"2024-10-07T18:58:55","slug":"information-formations-afa-daf-dif","status":"publish","type":"post","link":"https:\/\/sites.ffkarate.fr\/pasdecalais\/2024\/10\/07\/information-formations-afa-daf-dif\/","title":{"rendered":"Information Formations AFA, DAF, DIF"},"content":{"rendered":"<div class=\"wpb-content-wrapper\"><p>[vc_row][vc_column][vc_column_text]<\/p>\n<div class=\"x11i5rnm xat24cr x1mh8g0r x1vvkbs xtlvy1s x126k92a\">\n<h4 dir=\"auto\">A l\u2019intention des futurs candidat(e)s,<\/h4>\n<div dir=\"auto\">\n<p>Nous sommes en cours de stabilisation des dates de vos formations pour le d\u00e9partement du Pas de Calais et les formulaires d\u2019inscription aux diff\u00e9rentes sessions seront bient\u00f4t disponibles.<\/p>\n<\/div>\n<p>&nbsp;<\/p>\n<\/div>\n<div class=\"x11i5rnm xat24cr x1mh8g0r x1vvkbs xtlvy1s x126k92a\">\n<div dir=\"auto\">N\u00e9anmoins, dans le cadre de la validation de vos participations associatives (DAF-DIF), il vous est <strong>fortement recommand\u00e9<\/strong> de participer aux \u00e9v\u00e9nements sportifs organis\u00e9s par votre comit\u00e9 d\u00e9partemental.<\/div>\n<\/div>\n<div dir=\"auto\">\n<p>&nbsp;<\/p>\n<div class=\"x11i5rnm xat24cr x1mh8g0r x1vvkbs xtlvy1s x126k92a\">\n<div dir=\"auto\">Les prochaines \u00e9ch\u00e9ances sont :<\/div>\n<\/div>\n<\/div>\n<div class=\"x11i5rnm xat24cr x1mh8g0r x1vvkbs xtlvy1s x126k92a\">\n<ul>\n<li dir=\"auto\">Le stage d\u2019information aux grades du samedi 12 octobre 2024 \u00e0 Haisnes<\/li>\n<\/ul>\n<\/div>\n<div class=\"x11i5rnm xat24cr x1mh8g0r x1vvkbs xtlvy1s x126k92a\">\n<ul>\n<li dir=\"auto\">Le stage d\u2019arbitrage du dimanche 13 octobre 2024 \u00e0 M\u00e9ricourt<\/li>\n<li dir=\"auto\">Les comp\u00e9titions d\u00e9partementales, championnat et coupe, qui se d\u00e9rouleront au mois de novembre.<\/li>\n<\/ul>\n<\/div>\n<div>\n<div class=\"x11i5rnm xat24cr x1mh8g0r x1vvkbs xtlvy1s x126k92a\">\n<p>&nbsp;<\/p>\n<\/div>\n<div class=\"x11i5rnm xat24cr x1mh8g0r x1vvkbs xtlvy1s x126k92a\">\n<div dir=\"auto\">Un document sera transmis aux responsables de ces manifestations pour que votre participation soit prise en compte.<\/div>\n<\/div>\n<\/div>\n<div class=\"x11i5rnm xat24cr x1mh8g0r x1vvkbs xtlvy1s x126k92a\">\n<p>&nbsp;<\/p>\n<div dir=\"auto\">\n<p>Nous comptons sur votre participation.<\/p>\n<\/div>\n<\/div>\n<div class=\"x11i5rnm xat24cr x1mh8g0r x1vvkbs xtlvy1s x126k92a\">\n<p>&nbsp;<\/p>\n<div dir=\"auto\">\n<p>Sportivement,<\/p>\n<\/div>\n<\/div>\n<div dir=\"auto\"><\/div>\n<div class=\"x11i5rnm xat24cr x1mh8g0r x1vvkbs xtlvy1s x126k92a\">\n<div dir=\"auto\">M. Mimoune<\/div>\n<div dir=\"auto\">Responsable Formation du CDKDA62<\/div>\n<\/div>\n<p>[\/vc_column_text][\/vc_column][\/vc_row]<\/p>\n<\/div>","protected":false},"excerpt":{"rendered":"<p>[vc_row][vc_column][vc_column_text] A l\u2019intention des futurs candidat(e)s, Nous sommes en cours de stabilisation des dates de vos formations pour le d\u00e9partement du Pas de Calais et les formulaires d\u2019inscription aux diff\u00e9rentes sessions seront bient\u00f4t disponibles. &nbsp; N\u00e9anmoins, dans le cadre de la validation de vos participations associatives (DAF-DIF), il vous est fortement recommand\u00e9 de participer aux [&hellip;]<\/p>\n","protected":false},"author":234,"featured_media":0,"comment_status":"closed","ping_status":"closed","sticky":false,"template":"","format":"standard","meta":{"footnotes":""},"categories":[11],"tags":[],"class_list":["post-3555","post","type-post","status-publish","format-standard","hentry","category-formations"],"_links":{"self":[{"href":"https:\/\/sites.ffkarate.fr\/pasdecalais\/wp-json\/wp\/v2\/posts\/3555","targetHints":{"allow":["GET"]}}],"collection":[{"href":"https:\/\/sites.ffkarate.fr\/pasdecalais\/wp-json\/wp\/v2\/posts"}],"about":[{"href":"https:\/\/sites.ffkarate.fr\/pasdecalais\/wp-json\/wp\/v2\/types\/post"}],"author":[{"embeddable":true,"href":"https:\/\/sites.ffkarate.fr\/pasdecalais\/wp-json\/wp\/v2\/users\/234"}],"replies":[{"embeddable":true,"href":"https:\/\/sites.ffkarate.fr\/pasdecalais\/wp-json\/wp\/v2\/comments?post=3555"}],"version-history":[{"count":6,"href":"https:\/\/sites.ffkarate.fr\/pasdecalais\/wp-json\/wp\/v2\/posts\/3555\/revisions"}],"predecessor-version":[{"id":3561,"href":"https:\/\/sites.ffkarate.fr\/pasdecalais\/wp-json\/wp\/v2\/posts\/3555\/revisions\/3561"}],"wp:attachment":[{"href":"https:\/\/sites.ffkarate.fr\/pasdecalais\/wp-json\/wp\/v2\/media?parent=3555"}],"wp:term":[{"taxonomy":"category","embeddable":true,"href":"https:\/\/sites.ffkarate.fr\/pasdecalais\/wp-json\/wp\/v2\/categories?post=3555"},{"taxonomy":"post_tag","embeddable":true,"href":"https:\/\/sites.ffkarate.fr\/pasdecalais\/wp-json\/wp\/v2\/tags?post=3555"}],"curies":[{"name":"wp","href":"https:\/\/api.w.org\/{rel}","templated":true}]}}