{"id":3661,"date":"2024-11-24T21:13:01","date_gmt":"2024-11-24T20:13:01","guid":{"rendered":"https:\/\/sites.ffkarate.fr\/pasdecalais\/?p=3661"},"modified":"2024-11-24T21:13:27","modified_gmt":"2024-11-24T20:13:27","slug":"retour-en-image-competition-du-17-11-2024","status":"publish","type":"post","link":"https:\/\/sites.ffkarate.fr\/pasdecalais\/2024\/11\/24\/retour-en-image-competition-du-17-11-2024\/","title":{"rendered":"Retour en image &#8211; Comp\u00e9tition du 17\/11\/2024"},"content":{"rendered":"<div class=\"wpb-content-wrapper\"><p>[vc_row][vc_column][vc_column_text]Des joies, des d\u00e9ceptions ou encore des larmes . Les comp\u00e9titions sont bien souvent le th\u00e9\u00e2tre de multitudes d&rsquo;\u00e9motions, autant pour les comp\u00e9titeurs que pour les coachs ou parents.<\/p>\n<p>Merci \u00e0 toutes les personnes qui ont fait en sorte que cet \u00e9v\u00e8nement soit une r\u00e9ussite : comp\u00e9titeurs, parents, coachs, accompagnants, arbitres, b\u00e9n\u00e9voles, membres de la commission sportive, membres du comit\u00e9 d\u00e9partemental et \u00e9videmment \u00e0 la ville de Lens.<\/p>\n<p>Dor\u00e9navant fort de cette premi\u00e8re exp\u00e9rience, le nouveau comit\u00e9 d\u00e9partemental n&rsquo;aura de cesse de continuer \u00e0 d\u00e9velopper et \u00e0 am\u00e9liorer les futurs \u00e9v\u00e8nements.<\/p>\n<p>Sportivement,<\/p>\n<p>Le CDKDA62[\/vc_column_text][\/vc_column][\/vc_row][vc_row][vc_column][vc_gallery images=\u00a0\u00bb3663,3662,3665,3666,3667,3664,3679,3691,3678,3684,3671,3674,3668,3682,3683,3685,3686,3690,3689,3669,3670,3673,3675,3676,3677,3680,3681,3687,3688,3692,3672,3693,3694,3696,3697,3698,3699&Prime; title=\u00a0\u00bbComp\u00e9tition 17\/11\/2024 &#8211; Lens\u00a0\u00bb][\/vc_column][\/vc_row]<\/p>\n<\/div>","protected":false},"excerpt":{"rendered":"<p>[vc_row][vc_column][vc_column_text]Des joies, des d\u00e9ceptions ou encore des larmes . Les comp\u00e9titions sont bien souvent le th\u00e9\u00e2tre de multitudes d&rsquo;\u00e9motions, autant pour les comp\u00e9titeurs que pour les coachs ou parents. Merci \u00e0 toutes les personnes qui ont fait en sorte que cet \u00e9v\u00e8nement soit une r\u00e9ussite : comp\u00e9titeurs, parents, coachs, accompagnants, arbitres, b\u00e9n\u00e9voles, membres de la [&hellip;]<\/p>\n","protected":false},"author":234,"featured_media":3618,"comment_status":"closed","ping_status":"closed","sticky":false,"template":"","format":"standard","meta":{"footnotes":""},"categories":[1],"tags":[],"class_list":["post-3661","post","type-post","status-publish","format-standard","hentry","category-non-classe"],"_links":{"self":[{"href":"https:\/\/sites.ffkarate.fr\/pasdecalais\/wp-json\/wp\/v2\/posts\/3661","targetHints":{"allow":["GET"]}}],"collection":[{"href":"https:\/\/sites.ffkarate.fr\/pasdecalais\/wp-json\/wp\/v2\/posts"}],"about":[{"href":"https:\/\/sites.ffkarate.fr\/pasdecalais\/wp-json\/wp\/v2\/types\/post"}],"author":[{"embeddable":true,"href":"https:\/\/sites.ffkarate.fr\/pasdecalais\/wp-json\/wp\/v2\/users\/234"}],"replies":[{"embeddable":true,"href":"https:\/\/sites.ffkarate.fr\/pasdecalais\/wp-json\/wp\/v2\/comments?post=3661"}],"version-history":[{"count":2,"href":"https:\/\/sites.ffkarate.fr\/pasdecalais\/wp-json\/wp\/v2\/posts\/3661\/revisions"}],"predecessor-version":[{"id":3700,"href":"https:\/\/sites.ffkarate.fr\/pasdecalais\/wp-json\/wp\/v2\/posts\/3661\/revisions\/3700"}],"wp:featuredmedia":[{"embeddable":true,"href":"https:\/\/sites.ffkarate.fr\/pasdecalais\/wp-json\/wp\/v2\/media\/3618"}],"wp:attachment":[{"href":"https:\/\/sites.ffkarate.fr\/pasdecalais\/wp-json\/wp\/v2\/media?parent=3661"}],"wp:term":[{"taxonomy":"category","embeddable":true,"href":"https:\/\/sites.ffkarate.fr\/pasdecalais\/wp-json\/wp\/v2\/categories?post=3661"},{"taxonomy":"post_tag","embeddable":true,"href":"https:\/\/sites.ffkarate.fr\/pasdecalais\/wp-json\/wp\/v2\/tags?post=3661"}],"curies":[{"name":"wp","href":"https:\/\/api.w.org\/{rel}","templated":true}]}}