{"id":3795,"date":"2025-01-15T16:53:20","date_gmt":"2025-01-15T15:53:20","guid":{"rendered":"https:\/\/sites.ffkarate.fr\/pasdecalais\/?p=3795"},"modified":"2025-01-27T09:53:19","modified_gmt":"2025-01-27T08:53:19","slug":"resultats-complet-competition-du-17-11-2024","status":"publish","type":"post","link":"https:\/\/sites.ffkarate.fr\/pasdecalais\/2025\/01\/15\/resultats-complet-competition-du-17-11-2024\/","title":{"rendered":"R\u00e9sultats complets &#8211; Comp\u00e9tition du 17\/11\/2024"},"content":{"rendered":"<div class=\"wpb-content-wrapper\"><p>[vc_row][vc_column][vc_column_text]Vous trouverez ci-dessous les r\u00e9sultats de toutes les cat\u00e9gories (kata et kumite) de la comp\u00e9tition du 17\/11\/2024, \u00e0 Lens.[\/vc_column_text][vc_column_text]<\/p>\n<h3>Cat\u00e9gories PPB (Poussins, Pupilles et Benjamins)<\/h3>\n<p>[\/vc_column_text][vc_tta_tabs][vc_tta_section title=\u00a0\u00bbKata (F)\u00a0\u00bb tab_id=\u00a0\u00bb1736942760217-0d635eed-fa8c\u00a0\u00bb][vc_row_inner][vc_column_inner][vc_column_text]<\/p>\n<h4 style=\"text-align: center\">Cat\u00e9gorie Poussin (F)<\/h4>\n<p>[\/vc_column_text][vc_column_text]<\/p>\n<table width=\"635\">\n<tbody>\n<tr>\n<td width=\"26\">1<\/td>\n<td width=\"25\">&#8211;<\/td>\n<td width=\"150\">LIEPPE EMMA<\/td>\n<td width=\"201\">MERICOURT KARATE CLUB<\/td>\n<\/tr>\n<\/tbody>\n<\/table>\n<p>[\/vc_column_text][vc_column_text]<\/p>\n<h4 style=\"text-align: center\">Cat\u00e9gorie Pupille (F)<\/h4>\n<p>[\/vc_column_text][vc_column_text]<\/p>\n<table width=\"635\">\n<tbody>\n<tr>\n<td width=\"26\">1<\/td>\n<td width=\"25\">&#8211;<\/td>\n<td width=\"150\">MATTEI NORA<\/td>\n<td width=\"201\">MERICOURT KARATE CLUB<\/td>\n<\/tr>\n<tr>\n<td>2<\/td>\n<td>&#8211;<\/td>\n<td>AYAD ZEDDAM LUIZA<\/td>\n<td>KARATE CL MONTIGNY EN GOHELLE<\/td>\n<\/tr>\n<tr>\n<td>3<\/td>\n<td>&#8211;<\/td>\n<td>SADIEN LILY ROSE<\/td>\n<td>SHOTOKAN CARVIN KARATE<\/td>\n<\/tr>\n<tr>\n<td>3<\/td>\n<td>&#8211;<\/td>\n<td>BOUDALI RANIA<\/td>\n<td>KARATE CLUB DOURGEOIS<\/td>\n<\/tr>\n<tr>\n<td>5<\/td>\n<td>&#8211;<\/td>\n<td>MATTE MILA<\/td>\n<td>KARATE CLUB DOURGEOIS<\/td>\n<\/tr>\n<tr>\n<td>5<\/td>\n<td>&#8211;<\/td>\n<td>JLIL ISLEM<\/td>\n<td>L&rsquo;EGIDE: ECOLE D&rsquo;ARTS MARTIAUX<\/td>\n<\/tr>\n<tr>\n<td>7<\/td>\n<td>&#8211;<\/td>\n<td>TRAN MAEVA<\/td>\n<td>KARATE CL MONTIGNY EN GOHELLE<\/td>\n<\/tr>\n<tr>\n<td>7<\/td>\n<td>&#8211;<\/td>\n<td>HOARAU NAELYA<\/td>\n<td>DOJO KMK KRAVMAGA MARQUISE KARATE<\/td>\n<\/tr>\n<\/tbody>\n<\/table>\n<p>[\/vc_column_text][vc_column_text]<\/p>\n<h4 style=\"text-align: center\">Cat\u00e9gorie Benjamin (F)<\/h4>\n<p>[\/vc_column_text][vc_column_text]<\/p>\n<table width=\"635\">\n<tbody>\n<tr>\n<td width=\"26\">1<\/td>\n<td width=\"25\">&#8211;<\/td>\n<td width=\"150\">VERHAEGHE MAELYS<\/td>\n<td width=\"201\">SHOTOKAN KARATE CALAISIEN<\/td>\n<\/tr>\n<tr>\n<td>2<\/td>\n<td>&#8211;<\/td>\n<td>BELLOY CLEMENTINE<\/td>\n<td>DOJO KARATE PERNES EN ARTOIS<\/td>\n<\/tr>\n<tr>\n<td>3<\/td>\n<td>&#8211;<\/td>\n<td>BOUZILLARD ALIYAH<\/td>\n<td>MERICOURT KARATE CLUB<\/td>\n<\/tr>\n<tr>\n<td>3<\/td>\n<td>&#8211;<\/td>\n<td>TAVERNIER CAMILLE<\/td>\n<td>MERICOURT KARATE CLUB<\/td>\n<\/tr>\n<tr>\n<td>5<\/td>\n<td>&#8211;<\/td>\n<td>CORDONNIER ANNA<\/td>\n<td>KARATE CLUB DOURGEOIS<\/td>\n<\/tr>\n<tr>\n<td>5<\/td>\n<td>&#8211;<\/td>\n<td>CARON EMMA<\/td>\n<td>L&rsquo;EGIDE: ECOLE D&rsquo;ARTS MARTIAUX<\/td>\n<\/tr>\n<tr>\n<td>7<\/td>\n<td>&#8211;<\/td>\n<td>DBILIJ SORAYA<\/td>\n<td>RACING CLUB D ARRAS KARATE DO<\/td>\n<\/tr>\n<tr>\n<td>7<\/td>\n<td>&#8211;<\/td>\n<td>PETIT LALIE<\/td>\n<td>KARATE CLUB HERSINOIS<\/td>\n<\/tr>\n<\/tbody>\n<\/table>\n<p>[\/vc_column_text][\/vc_column_inner][\/vc_row_inner][\/vc_tta_section][vc_tta_section title=\u00a0\u00bbKata (M)\u00a0\u00bb tab_id=\u00a0\u00bb1736944417188-db3815dd-0cd6&Prime;][vc_column_text]<\/p>\n<h4 style=\"text-align: center\">Cat\u00e9gorie Pupille (M)<\/h4>\n<p>[\/vc_column_text][vc_column_text]<\/p>\n<table width=\"635\">\n<tbody>\n<tr>\n<td width=\"26\">1<\/td>\n<td width=\"25\">&#8211;<\/td>\n<td width=\"150\">BUYSSCHAERT YANNICK<\/td>\n<td width=\"201\">DOJO KARATE PERNES EN ARTOIS<\/td>\n<\/tr>\n<tr>\n<td>2<\/td>\n<td>&#8211;<\/td>\n<td>FRAPPART RAPHAEL<\/td>\n<td>SHOTOKAN CARVIN KARATE<\/td>\n<\/tr>\n<tr>\n<td>3<\/td>\n<td>&#8211;<\/td>\n<td>PERBOST MATHIS<\/td>\n<td>SHOTOKAN KARATE CALAISIEN<\/td>\n<\/tr>\n<tr>\n<td>3<\/td>\n<td>&#8211;<\/td>\n<td>BOURGEOIS NOA<\/td>\n<td>DOJO KARATE PERNES EN ARTOIS<\/td>\n<\/tr>\n<tr>\n<td>5<\/td>\n<td>&#8211;<\/td>\n<td>BUFFETAUD ADAM<\/td>\n<td>SHOTOKAN CARVIN KARATE<\/td>\n<\/tr>\n<tr>\n<td>5<\/td>\n<td>&#8211;<\/td>\n<td>LAMOTTE MANDZO<\/td>\n<td>KARATE CLUB DOURGEOIS<\/td>\n<\/tr>\n<tr>\n<td>7<\/td>\n<td>&#8211;<\/td>\n<td>LECOQ LOUMEO<\/td>\n<td>NLB KARATE DO<\/td>\n<\/tr>\n<tr>\n<td>7<\/td>\n<td>&#8211;<\/td>\n<td>LANOY VALENTIN<\/td>\n<td>KARATE CL MONTIGNY EN GOHELLE<\/td>\n<\/tr>\n<\/tbody>\n<\/table>\n<p>[\/vc_column_text][vc_column_text]<\/p>\n<h4 style=\"text-align: center\">Cat\u00e9gorie Benjamin (M)<\/h4>\n<p>[\/vc_column_text][vc_column_text]<\/p>\n<table width=\"635\">\n<tbody>\n<tr>\n<td width=\"26\">1<\/td>\n<td width=\"25\">&#8211;<\/td>\n<td width=\"150\">CARNEAUX RAFAEL<\/td>\n<td width=\"201\">SHOTOKAN CARVIN KARATE<\/td>\n<\/tr>\n<tr>\n<td>2<\/td>\n<td>&#8211;<\/td>\n<td>ROESBEKE CLEMENT<\/td>\n<td>SHOTOKAN CARVIN KARATE<\/td>\n<\/tr>\n<tr>\n<td>3<\/td>\n<td>&#8211;<\/td>\n<td>SAAL ILYES<\/td>\n<td>MERICOURT KARATE CLUB<\/td>\n<\/tr>\n<tr>\n<td>3<\/td>\n<td>&#8211;<\/td>\n<td>LOUIS ROBIN<\/td>\n<td>KARATE CLUB DOURGEOIS<\/td>\n<\/tr>\n<tr>\n<td>5<\/td>\n<td>&#8211;<\/td>\n<td>LUCZAK ALBAN<\/td>\n<td>MERICOURT KARATE CLUB<\/td>\n<\/tr>\n<tr>\n<td>5<\/td>\n<td>&#8211;<\/td>\n<td>GALLEZ HYLANN<\/td>\n<td>MERICOURT KARATE CLUB<\/td>\n<\/tr>\n<tr>\n<td>7<\/td>\n<td>&#8211;<\/td>\n<td>POIRET MAEL<\/td>\n<td>DOJO KARATE PERNES EN ARTOIS<\/td>\n<\/tr>\n<tr>\n<td>7<\/td>\n<td>&#8211;<\/td>\n<td>CHIBANI NASSIM<\/td>\n<td>SHOTOKAN CARVIN KARATE<\/td>\n<\/tr>\n<\/tbody>\n<\/table>\n<p>[\/vc_column_text][\/vc_tta_section][vc_tta_section title=\u00a0\u00bbKumite (F)\u00a0\u00bb tab_id=\u00a0\u00bb1736942760222-fec335a8-8a7a\u00a0\u00bb][vc_column_text]<\/p>\n<h4 style=\"text-align: center\">Cat\u00e9gorie Poussin -20kg (F)<\/h4>\n<p>[\/vc_column_text][vc_column_text]<\/p>\n<table width=\"635\">\n<tbody>\n<tr>\n<td width=\"26\">1<\/td>\n<td width=\"25\">&#8211;<\/td>\n<td width=\"150\">LAMOTTE DELYNA<\/td>\n<td width=\"201\">KARATE CLUB DOURGEOIS<\/td>\n<\/tr>\n<tr>\n<td>2<\/td>\n<td>&#8211;<\/td>\n<td>PERRIN FAUSTINE<\/td>\n<td>KARATE CLUB DOURGEOIS<\/td>\n<\/tr>\n<\/tbody>\n<\/table>\n<p>[\/vc_column_text][vc_column_text]<\/p>\n<h4 style=\"text-align: center\">Cat\u00e9gorie Pupille -25kg (F)<\/h4>\n<p>[\/vc_column_text][vc_column_text]<\/p>\n<table width=\"635\">\n<tbody>\n<tr>\n<td width=\"26\">1<\/td>\n<td width=\"25\">&#8211;<\/td>\n<td width=\"150\">TRAN MAEVA<\/td>\n<td width=\"201\">KARATE CL MONTIGNY EN GOHELLE<\/td>\n<\/tr>\n<tr>\n<td>2<\/td>\n<td>&#8211;<\/td>\n<td>KADA MONA<\/td>\n<td>KARATE CLUB DOURGEOIS<\/td>\n<\/tr>\n<\/tbody>\n<\/table>\n<p>[\/vc_column_text][vc_column_text]<\/p>\n<h4 style=\"text-align: center\">Cat\u00e9gorie Pupille -30kg (F)<\/h4>\n<p>[\/vc_column_text][vc_column_text]<\/p>\n<table width=\"635\">\n<tbody>\n<tr>\n<td width=\"26\">1<\/td>\n<td width=\"25\">&#8211;<\/td>\n<td width=\"150\">AYAD ZEDDAM LUIZA<\/td>\n<td width=\"201\">KARATE CL MONTIGNY EN GOHELLE<\/td>\n<\/tr>\n<tr>\n<td>2<\/td>\n<td>&#8211;<\/td>\n<td>SADIEN LILY ROSE<\/td>\n<td>SHOTOKAN CARVIN KARATE<\/td>\n<\/tr>\n<tr>\n<td>3<\/td>\n<td>&#8211;<\/td>\n<td>DHINNIN LUCIE<\/td>\n<td>L&rsquo;EGIDE: ECOLE D&rsquo;ARTS MARTIAUX<\/td>\n<\/tr>\n<tr>\n<td>3<\/td>\n<td>&#8211;<\/td>\n<td>MATTE MILA<\/td>\n<td>KARATE CLUB DOURGEOIS<\/td>\n<\/tr>\n<tr>\n<td>5<\/td>\n<td>&#8211;<\/td>\n<td>BOUDALI RANIA<\/td>\n<td>KARATE CLUB DOURGEOIS<\/td>\n<\/tr>\n<tr>\n<td>7<\/td>\n<td>&#8211;<\/td>\n<td>HOARAU NAELYA<\/td>\n<td>DOJO KMK KRAVMAGA MARQUISE KARATE<\/td>\n<\/tr>\n<\/tbody>\n<\/table>\n<p>[\/vc_column_text][vc_column_text]<\/p>\n<h4 style=\"text-align: center\">Cat\u00e9gorie Pupille -35kg (F)<\/h4>\n<p>[\/vc_column_text][vc_column_text]<\/p>\n<table width=\"635\">\n<tbody>\n<tr>\n<td width=\"26\">1<\/td>\n<td width=\"25\">&#8211;<\/td>\n<td width=\"150\">MATTEI NORA<\/td>\n<td width=\"201\">MERICOURT KARATE CLUB<\/td>\n<\/tr>\n<\/tbody>\n<\/table>\n<p>[\/vc_column_text][vc_column_text]<\/p>\n<h4 style=\"text-align: center\">Cat\u00e9gorie Pupille -40kg (F)<\/h4>\n<p>[\/vc_column_text][vc_column_text]<\/p>\n<table width=\"635\">\n<tbody>\n<tr>\n<td width=\"26\">1<\/td>\n<td width=\"25\">&#8211;<\/td>\n<td width=\"150\">JLIL ISLEM<\/td>\n<td width=\"201\">L&rsquo;EGIDE: ECOLE D&rsquo;ARTS MARTIAUX<\/td>\n<\/tr>\n<\/tbody>\n<\/table>\n<p>[\/vc_column_text][vc_column_text]<\/p>\n<h4 style=\"text-align: center\">Cat\u00e9gorie Pupille +45kg (F)<\/h4>\n<p>[\/vc_column_text][vc_column_text]<\/p>\n<table width=\"635\">\n<tbody>\n<tr>\n<td width=\"26\">1<\/td>\n<td width=\"25\">&#8211;<\/td>\n<td width=\"150\">VANDAELE ROUSSEL EMIE<\/td>\n<td width=\"201\">KARATE CLUB HERSINOIS<\/td>\n<\/tr>\n<\/tbody>\n<\/table>\n<p>[\/vc_column_text][vc_column_text]<\/p>\n<h4 style=\"text-align: center\">Cat\u00e9gorie Benjamin -30kg (F)<\/h4>\n<p>[\/vc_column_text][vc_column_text]<\/p>\n<table width=\"635\">\n<tbody>\n<tr>\n<td width=\"26\">1<\/td>\n<td width=\"25\">&#8211;<\/td>\n<td width=\"150\">CARON EMMA<\/td>\n<td width=\"201\">L&rsquo;EGIDE: ECOLE D&rsquo;ARTS MARTIAUX<\/td>\n<\/tr>\n<tr>\n<td>2<\/td>\n<td>&#8211;<\/td>\n<td>CORDONNIER ANNA<\/td>\n<td>KARATE CLUB DOURGEOIS<\/td>\n<\/tr>\n<\/tbody>\n<\/table>\n<p>[\/vc_column_text][vc_column_text]<\/p>\n<h4 style=\"text-align: center\">Cat\u00e9gorie Benjamin -35kg (F)<\/h4>\n<p>[\/vc_column_text][vc_column_text]<\/p>\n<table width=\"635\">\n<tbody>\n<tr>\n<td width=\"26\">1<\/td>\n<td width=\"25\">&#8211;<\/td>\n<td width=\"150\">DESSINE ALEXANDRA<\/td>\n<td width=\"201\">KARATE CLUB DOURGEOIS<\/td>\n<\/tr>\n<\/tbody>\n<\/table>\n<p>[\/vc_column_text][vc_column_text]<\/p>\n<h4 style=\"text-align: center\">Cat\u00e9gorie Benjamin -50kg (F)<\/h4>\n<p>[\/vc_column_text][vc_column_text]<\/p>\n<table width=\"635\">\n<tbody>\n<tr>\n<td width=\"26\">1<\/td>\n<td width=\"25\">&#8211;<\/td>\n<td width=\"150\">FABRE VALENTINE<\/td>\n<td width=\"201\">SHOTOKAN KARATE CALAISIEN<\/td>\n<\/tr>\n<tr>\n<td>2<\/td>\n<td>&#8211;<\/td>\n<td>RAMDANI SARA<\/td>\n<td>KARATE CL MONTIGNY EN GOHELLE<\/td>\n<\/tr>\n<tr>\n<td>3<\/td>\n<td>&#8211;<\/td>\n<td>BENAMGHAR SOUMAYA<\/td>\n<td>KARATE CLUB IMMERCURIEN<\/td>\n<\/tr>\n<\/tbody>\n<\/table>\n<p>[\/vc_column_text][vc_column_text]<\/p>\n<h4 style=\"text-align: center\">Cat\u00e9gorie Benjamin -45kg (F)<\/h4>\n<p>[\/vc_column_text][vc_column_text]<\/p>\n<table width=\"635\">\n<tbody>\n<tr>\n<td width=\"26\">1<\/td>\n<td width=\"25\">&#8211;<\/td>\n<td width=\"150\">VERHAEGHE MAELYS<\/td>\n<td width=\"201\">SHOTOKAN KARATE CALAISIEN<\/td>\n<\/tr>\n<\/tbody>\n<\/table>\n<p>[\/vc_column_text][vc_column_text]<\/p>\n<h4 style=\"text-align: center\">Cat\u00e9gorie Benjamin -40kg (F)<\/h4>\n<p>[\/vc_column_text][vc_column_text]<\/p>\n<table width=\"635\">\n<tbody>\n<tr>\n<td width=\"26\">1<\/td>\n<td width=\"25\">&#8211;<\/td>\n<td width=\"150\">JAFAR AAIMA<\/td>\n<td width=\"201\">KARATE CLUB ARRAGEOIS<\/td>\n<\/tr>\n<\/tbody>\n<\/table>\n<p>[\/vc_column_text][vc_column_text]<\/p>\n<h4 style=\"text-align: center\">Cat\u00e9gorie Benjamin +50kg (F)<\/h4>\n<p>[\/vc_column_text][vc_column_text]<\/p>\n<table width=\"635\">\n<tbody>\n<tr>\n<td width=\"26\">1<\/td>\n<td width=\"25\">&#8211;<\/td>\n<td width=\"150\">BOUQUILLON ELOISE<\/td>\n<td width=\"201\">KARATE CLUB HERSINOIS<\/td>\n<\/tr>\n<tr>\n<td>2<\/td>\n<td>&#8211;<\/td>\n<td>DBILIJ SORAYA<\/td>\n<td>RACING CLUB D ARRAS KARATE DO<\/td>\n<\/tr>\n<\/tbody>\n<\/table>\n<p>[\/vc_column_text][\/vc_tta_section][vc_tta_section title=\u00a0\u00bbKumite (M)\u00a0\u00bb tab_id=\u00a0\u00bb1736944794839-8467d0f4-d0b8&Prime;][vc_column_text]<\/p>\n<h4 style=\"text-align: center\">Cat\u00e9gorie Pupille -25kg (M)<\/h4>\n<p>[\/vc_column_text][vc_column_text]<\/p>\n<table width=\"635\">\n<tbody>\n<tr>\n<td width=\"26\">1<\/td>\n<td width=\"25\">&#8211;<\/td>\n<td width=\"150\">BOURGEOIS NOA<\/td>\n<td width=\"201\">DOJO KARATE PERNES EN ARTOIS<\/td>\n<\/tr>\n<tr>\n<td>2<\/td>\n<td>&#8211;<\/td>\n<td>LAMOTTE MANDZO<\/td>\n<td>KARATE CLUB DOURGEOIS<\/td>\n<\/tr>\n<\/tbody>\n<\/table>\n<p>[\/vc_column_text][vc_column_text]<\/p>\n<h4 style=\"text-align: center\">Cat\u00e9gorie Pupille -30kg (M)<\/h4>\n<p>[\/vc_column_text][vc_column_text]<\/p>\n<table width=\"635\">\n<tbody>\n<tr>\n<td width=\"26\">1<\/td>\n<td width=\"25\">&#8211;<\/td>\n<td width=\"150\">LOGIE KENZO<\/td>\n<td width=\"201\">KARATE CLUB HERSINOIS<\/td>\n<\/tr>\n<tr>\n<td>2<\/td>\n<td>&#8211;<\/td>\n<td>MIMOUNE ILYAN<\/td>\n<td>KARATE CLUB DOURGEOIS<\/td>\n<\/tr>\n<tr>\n<td>3<\/td>\n<td>&#8211;<\/td>\n<td>LECOQ LOUMEO<\/td>\n<td>NLB KARATE DO<\/td>\n<\/tr>\n<tr>\n<td>3<\/td>\n<td>&#8211;<\/td>\n<td>LANOY VALENTIN<\/td>\n<td>KARATE CL MONTIGNY EN GOHELLE<\/td>\n<\/tr>\n<tr>\n<td>5<\/td>\n<td>&#8211;<\/td>\n<td>BUFFETAUD ADAM<\/td>\n<td>SHOTOKAN CARVIN KARATE<\/td>\n<\/tr>\n<tr>\n<td>7<\/td>\n<td>&#8211;<\/td>\n<td>GUYOT LOUIS<\/td>\n<td>KARATE CLUB HERSINOIS<\/td>\n<\/tr>\n<\/tbody>\n<\/table>\n<p>[\/vc_column_text][vc_column_text]<\/p>\n<h4 style=\"text-align: center\">Cat\u00e9gorie Pupille -35kg (M)<\/h4>\n<p>[\/vc_column_text][vc_column_text]<\/p>\n<table width=\"635\">\n<tbody>\n<tr>\n<td width=\"26\">1<\/td>\n<td width=\"25\">&#8211;<\/td>\n<td width=\"150\">ROZBORSKI MARGEZ OSCAR<\/td>\n<td width=\"201\">KARATE CLUB HERSINOIS<\/td>\n<\/tr>\n<tr>\n<td>2<\/td>\n<td>&#8211;<\/td>\n<td>LEPREVIER LUCAS<\/td>\n<td>KARATE CL MONTIGNY EN GOHELLE<\/td>\n<\/tr>\n<tr>\n<td>3<\/td>\n<td>&#8211;<\/td>\n<td>COPIN AYMERIC<\/td>\n<td>KARATE CLUB DOURGEOIS<\/td>\n<\/tr>\n<tr>\n<td>3<\/td>\n<td>&#8211;<\/td>\n<td>SLUSARCZYK SAMUEL<\/td>\n<td>RACING CLUB D ARRAS KARATE DO<\/td>\n<\/tr>\n<tr>\n<td>5<\/td>\n<td>&#8211;<\/td>\n<td>MASSET MAXENDRE<\/td>\n<td>NLB KARATE DO<\/td>\n<\/tr>\n<\/tbody>\n<\/table>\n<p>[\/vc_column_text][vc_column_text]<\/p>\n<h4 style=\"text-align: center\">Cat\u00e9gorie Benjamin -35kg (M)<\/h4>\n<p>[\/vc_column_text][vc_column_text]<\/p>\n<table width=\"635\">\n<tbody>\n<tr>\n<td width=\"26\">1<\/td>\n<td width=\"25\">&#8211;<\/td>\n<td width=\"150\">BOUHOUN MOHAMED<\/td>\n<td width=\"201\">KARATE CLUB DOURGEOIS<\/td>\n<\/tr>\n<tr>\n<td>2<\/td>\n<td>&#8211;<\/td>\n<td>TRAN TIMEO<\/td>\n<td>KARATE CL MONTIGNY EN GOHELLE<\/td>\n<\/tr>\n<tr>\n<td>3<\/td>\n<td>&#8211;<\/td>\n<td>CARNEAUX RAFAEL<\/td>\n<td>SHOTOKAN CARVIN KARATE<\/td>\n<\/tr>\n<tr>\n<td>3<\/td>\n<td>&#8211;<\/td>\n<td>CHIBANI NASSIM<\/td>\n<td>SHOTOKAN CARVIN KARATE<\/td>\n<\/tr>\n<tr>\n<td>7<\/td>\n<td>&#8211;<\/td>\n<td>POIRET MAEL<\/td>\n<td>DOJO KARATE PERNES EN ARTOIS<\/td>\n<\/tr>\n<\/tbody>\n<\/table>\n<p>[\/vc_column_text][vc_column_text]<\/p>\n<h4 style=\"text-align: center\">Cat\u00e9gorie Benjamin -40kg (M)<\/h4>\n<p>[\/vc_column_text][vc_column_text]<\/p>\n<table width=\"635\">\n<tbody>\n<tr>\n<td width=\"26\">1<\/td>\n<td width=\"25\">&#8211;<\/td>\n<td width=\"150\">DIOUANI DJIBRIL<\/td>\n<td width=\"201\">KARATE CLUB DOURGEOIS<\/td>\n<\/tr>\n<tr>\n<td>2<\/td>\n<td>&#8211;<\/td>\n<td>LOUIS ROBIN<\/td>\n<td>KARATE CLUB DOURGEOIS<\/td>\n<\/tr>\n<\/tbody>\n<\/table>\n<p>[\/vc_column_text][vc_column_text]<\/p>\n<h4 style=\"text-align: center\">Cat\u00e9gorie Benjamin -45kg (M)<\/h4>\n<p>[\/vc_column_text][vc_column_text]<\/p>\n<table width=\"635\">\n<tbody>\n<tr>\n<td width=\"26\">1<\/td>\n<td width=\"25\">&#8211;<\/td>\n<td width=\"150\">DEBARRE ZYHAN<\/td>\n<td width=\"201\">SHOTOKAN KARATE CALAISIEN<\/td>\n<\/tr>\n<tr>\n<td>2<\/td>\n<td>&#8211;<\/td>\n<td>MASSET LOUIS<\/td>\n<td>NLB KARATE DO<\/td>\n<\/tr>\n<tr>\n<td>3<\/td>\n<td>&#8211;<\/td>\n<td>LE GUELLEC KYLIAN<\/td>\n<td>DOJO KARATE DE RACQUINGHEM<\/td>\n<\/tr>\n<tr>\n<td>3<\/td>\n<td>&#8211;<\/td>\n<td>BEREAOUI IYAD<\/td>\n<td>KARATE CL MONTIGNY EN GOHELLE<\/td>\n<\/tr>\n<\/tbody>\n<\/table>\n<p>[\/vc_column_text][vc_column_text]<\/p>\n<h4 style=\"text-align: center\">Cat\u00e9gorie Benjamin -55kg (M)<\/h4>\n<p>[\/vc_column_text][vc_column_text]<\/p>\n<table width=\"635\">\n<tbody>\n<tr>\n<td width=\"26\">1<\/td>\n<td width=\"25\">&#8211;<\/td>\n<td width=\"150\">DHINNIN QUENTIN<\/td>\n<td width=\"201\">L&rsquo;EGIDE: ECOLE D&rsquo;ARTS MARTIAUX<\/td>\n<\/tr>\n<\/tbody>\n<\/table>\n<p>[\/vc_column_text][\/vc_tta_section][\/vc_tta_tabs][vc_column_text]<\/p>\n<div class=\"entry-content\">\n<hr \/>\n<\/div>\n<h3><\/h3>\n<p>&nbsp;<\/p>\n<h3>Cat\u00e9gories MCJS (Minimes, Cadets, Juniors et Seniors)<\/h3>\n<p>[\/vc_column_text][vc_tta_tabs][vc_tta_section title=\u00a0\u00bbKata (F)\u00a0\u00bb tab_id=\u00a0\u00bb1736942897187-59282892-2ed0&Prime;][vc_column_text]<\/p>\n<h4 style=\"text-align: center\">Cat\u00e9gorie Minime (F)<\/h4>\n<p>[\/vc_column_text][vc_column_text]<\/p>\n<table width=\"635\">\n<tbody>\n<tr>\n<td width=\"26\">1<\/td>\n<td width=\"25\">&#8211;<\/td>\n<td width=\"150\">BALLALI SOUKAIYNA<\/td>\n<td width=\"201\">SHOTOKAN KARATE CALAISIEN<\/td>\n<\/tr>\n<tr>\n<td>2<\/td>\n<td>&#8211;<\/td>\n<td>CARLE MAEVA<\/td>\n<td>LENS KARATE DO<\/td>\n<\/tr>\n<tr>\n<td>3<\/td>\n<td>&#8211;<\/td>\n<td>DUPORGE ALYA<\/td>\n<td>DOJO KARATE PERNES EN ARTOIS<\/td>\n<\/tr>\n<tr>\n<td>3<\/td>\n<td>&#8211;<\/td>\n<td>CORDONNIER EVIE<\/td>\n<td>KARATE CLUB DOURGEOIS<\/td>\n<\/tr>\n<tr>\n<td>5<\/td>\n<td>&#8211;<\/td>\n<td>SEGUIN ERYNE<\/td>\n<td>KARATE CLUB DOURGEOIS<\/td>\n<\/tr>\n<tr>\n<td>5<\/td>\n<td>&#8211;<\/td>\n<td>DAVAULT NAELIE<\/td>\n<td>L&rsquo;EGIDE: ECOLE D&rsquo;ARTS MARTIAUX<\/td>\n<\/tr>\n<tr>\n<td>7<\/td>\n<td>&#8211;<\/td>\n<td>COSSART HAJAR<\/td>\n<td>LENS KARATE DO<\/td>\n<\/tr>\n<\/tbody>\n<\/table>\n<p>[\/vc_column_text][vc_column_text]<\/p>\n<h4 style=\"text-align: center\">Cat\u00e9gorie Cadet (F)<\/h4>\n<p>[\/vc_column_text][vc_column_text]<\/p>\n<table width=\"635\">\n<tbody>\n<tr>\n<td width=\"26\">1<\/td>\n<td width=\"25\">&#8211;<\/td>\n<td width=\"150\">VERMERSCH LYNA<\/td>\n<td width=\"201\">KARATE CLUB DOURGEOIS<\/td>\n<\/tr>\n<tr>\n<td>2<\/td>\n<td>&#8211;<\/td>\n<td>DUFOSSE GWENDOLYNE<\/td>\n<td>L&rsquo;EGIDE: ECOLE D&rsquo;ARTS MARTIAUX<\/td>\n<\/tr>\n<tr>\n<td>3<\/td>\n<td>&#8211;<\/td>\n<td>DAVAULT NESSA<\/td>\n<td>L&rsquo;EGIDE: ECOLE D&rsquo;ARTS MARTIAUX<\/td>\n<\/tr>\n<\/tbody>\n<\/table>\n<p>[\/vc_column_text][vc_column_text]<\/p>\n<h4 style=\"text-align: center\">Cat\u00e9gorie Senior (F)<\/h4>\n<p>[\/vc_column_text][vc_column_text]<\/p>\n<table width=\"635\">\n<tbody>\n<tr>\n<td width=\"26\">1<\/td>\n<td width=\"25\">&#8211;<\/td>\n<td width=\"150\">ALLEMAND PERRINE<\/td>\n<td width=\"201\">SHOTOKAN KARATE CALAISIEN<\/td>\n<\/tr>\n<tr>\n<td>2<\/td>\n<td>&#8211;<\/td>\n<td>DUBAR PAULINE<\/td>\n<td>KARATE CLUB DOURGEOIS<\/td>\n<\/tr>\n<tr>\n<td>3<\/td>\n<td>&#8211;<\/td>\n<td>RYPERT CLEMENCE<\/td>\n<td>KARATE CLUB DOURGEOIS<\/td>\n<\/tr>\n<tr>\n<td>3<\/td>\n<td>&#8211;<\/td>\n<td>ERIPRET VICTORIA<\/td>\n<td>L&rsquo;EGIDE: ECOLE D&rsquo;ARTS MARTIAUX<\/td>\n<\/tr>\n<\/tbody>\n<\/table>\n<p>[\/vc_column_text][\/vc_tta_section][vc_tta_section title=\u00a0\u00bbKata (M)\u00a0\u00bb tab_id=\u00a0\u00bb1736947345510-6a595517-4316&Prime;][vc_column_text]<\/p>\n<h4 style=\"text-align: center\">Cat\u00e9gorie Minime (M)<\/h4>\n<p>[\/vc_column_text][vc_column_text]<\/p>\n<table width=\"635\">\n<tbody>\n<tr>\n<td width=\"26\">1<\/td>\n<td width=\"25\">&#8211;<\/td>\n<td width=\"150\">BOUHOUN EYAD<\/td>\n<td width=\"201\">KARATE CLUB DOURGEOIS<\/td>\n<\/tr>\n<tr>\n<td>2<\/td>\n<td>&#8211;<\/td>\n<td>BRABANT ZACCHARY<\/td>\n<td>KARATE CLUB DOURGEOIS<\/td>\n<\/tr>\n<tr>\n<td>3<\/td>\n<td>&#8211;<\/td>\n<td>MIMOUNE YANIS<\/td>\n<td>KARATE CLUB DOURGEOIS<\/td>\n<\/tr>\n<\/tbody>\n<\/table>\n<p>[\/vc_column_text][vc_column_text]<\/p>\n<h4 style=\"text-align: center\">Cat\u00e9gorie Senior (M)<\/h4>\n<p>[\/vc_column_text][vc_column_text]<\/p>\n<table width=\"635\">\n<tbody>\n<tr>\n<td width=\"26\">1<\/td>\n<td width=\"25\">&#8211;<\/td>\n<td width=\"150\">JULLIEN THIBAULT<\/td>\n<td width=\"201\">KARATE CLUB HERSINOIS<\/td>\n<\/tr>\n<tr>\n<td>2<\/td>\n<td>&#8211;<\/td>\n<td>JULLIEN AMAURY<\/td>\n<td>KARATE CLUB HERSINOIS<\/td>\n<\/tr>\n<tr>\n<td>3<\/td>\n<td>&#8211;<\/td>\n<td>BELLOY NICOLAS<\/td>\n<td>DOJO KARATE PERNES EN ARTOIS<\/td>\n<\/tr>\n<tr>\n<td>3<\/td>\n<td>&#8211;<\/td>\n<td>CARLINO VINCENT<\/td>\n<td>SHOTOKAN KARATE DO DE BAPAUME<\/td>\n<\/tr>\n<tr>\n<td>5<\/td>\n<td>&#8211;<\/td>\n<td>HAMDOUNI MOUNIR<\/td>\n<td>KARATE CLUB DOURGEOIS<\/td>\n<\/tr>\n<tr>\n<td>5<\/td>\n<td>&#8211;<\/td>\n<td>STOREZ CHRISTIAN<\/td>\n<td>DOJO KARATE PERNES EN ARTOIS<\/td>\n<\/tr>\n<\/tbody>\n<\/table>\n<p>[\/vc_column_text][\/vc_tta_section][vc_tta_section title=\u00a0\u00bbKumite (F)\u00a0\u00bb tab_id=\u00a0\u00bb1736942897192-c373e8a0-2b4f\u00a0\u00bb][vc_column_text]<\/p>\n<h4 style=\"text-align: center\">Cat\u00e9gorie Minime -40kg (F)<\/h4>\n<p>[\/vc_column_text][vc_column_text]<\/p>\n<table width=\"635\">\n<tbody>\n<tr>\n<td width=\"26\">1<\/td>\n<td width=\"25\">&#8211;<\/td>\n<td width=\"150\">BALLALI SOUKAIYNA<\/td>\n<td width=\"201\">SHOTOKAN KARATE CALAISIEN<\/td>\n<\/tr>\n<tr>\n<td>2<\/td>\n<td>&#8211;<\/td>\n<td>DAVAULT NAELIE<\/td>\n<td>L&rsquo;EGIDE: ECOLE D&rsquo;ARTS MARTIAUX<\/td>\n<\/tr>\n<tr>\n<td>3<\/td>\n<td>&#8211;<\/td>\n<td>SEGUIN ERYNE<\/td>\n<td>KARATE CLUB DOURGEOIS<\/td>\n<\/tr>\n<\/tbody>\n<\/table>\n<p>[\/vc_column_text][vc_column_text]<\/p>\n<h4 style=\"text-align: center\">Cat\u00e9gorie Minime -45kg (F)<\/h4>\n<p>[\/vc_column_text][vc_column_text]<\/p>\n<table width=\"635\">\n<tbody>\n<tr>\n<td width=\"26\">1<\/td>\n<td width=\"25\">&#8211;<\/td>\n<td width=\"150\">CORDONNIER EVIE<\/td>\n<td width=\"201\">KARATE CLUB DOURGEOIS<\/td>\n<\/tr>\n<tr>\n<td>2<\/td>\n<td>&#8211;<\/td>\n<td>CARLE MAEVA<\/td>\n<td>LENS KARATE DO<\/td>\n<\/tr>\n<tr>\n<td>3<\/td>\n<td>&#8211;<\/td>\n<td>TINTILLIER ELOISE<\/td>\n<td>KARATE CLUB HERSINOIS<\/td>\n<\/tr>\n<\/tbody>\n<\/table>\n<p>[\/vc_column_text][vc_column_text]<\/p>\n<h4 style=\"text-align: center\">Cat\u00e9gorie Minime -50kg (F)<\/h4>\n<p>[\/vc_column_text][vc_column_text]<\/p>\n<table width=\"635\">\n<tbody>\n<tr>\n<td width=\"26\">1<\/td>\n<td width=\"25\">&#8211;<\/td>\n<td width=\"150\">DUPORGE ALYA<\/td>\n<td width=\"201\">DOJO KARATE PERNES EN ARTOIS<\/td>\n<\/tr>\n<tr>\n<td>2<\/td>\n<td>&#8211;<\/td>\n<td>COSSART HAJAR<\/td>\n<td>LENS KARATE DO<\/td>\n<\/tr>\n<\/tbody>\n<\/table>\n<p>[\/vc_column_text][vc_column_text]<\/p>\n<h4 style=\"text-align: center\">Cat\u00e9gorie Minime -55kg (F)<\/h4>\n<p>[\/vc_column_text][vc_column_text]<\/p>\n<table width=\"635\">\n<tbody>\n<tr>\n<td width=\"26\">1<\/td>\n<td width=\"25\">&#8211;<\/td>\n<td width=\"150\">DEBROUX GAIA<\/td>\n<td width=\"201\">KARATE CLUB DOURGEOIS<\/td>\n<\/tr>\n<\/tbody>\n<\/table>\n<p>[\/vc_column_text][vc_column_text]<\/p>\n<h4 style=\"text-align: center\">Cat\u00e9gorie Cadet -47kg (F)<\/h4>\n<p>[\/vc_column_text][vc_column_text]<\/p>\n<table width=\"635\">\n<tbody>\n<tr>\n<td width=\"26\">1<\/td>\n<td width=\"25\">&#8211;<\/td>\n<td width=\"150\">DAVAULT NESSA<\/td>\n<td width=\"201\">L&rsquo;EGIDE: ECOLE D&rsquo;ARTS MARTIAUX<\/td>\n<\/tr>\n<\/tbody>\n<\/table>\n<p>[\/vc_column_text][vc_column_text]<\/p>\n<h4 style=\"text-align: center\">Cat\u00e9gorie Cadet -54kg (F)<\/h4>\n<p>[\/vc_column_text][vc_column_text]<\/p>\n<table width=\"635\">\n<tbody>\n<tr>\n<td width=\"26\">1<\/td>\n<td width=\"25\">&#8211;<\/td>\n<td width=\"150\">VERMERSCH LYNA<\/td>\n<td width=\"201\">KARATE CLUB DOURGEOIS<\/td>\n<\/tr>\n<tr>\n<td>2<\/td>\n<td>&#8211;<\/td>\n<td>HERNAULT NINA<\/td>\n<td>KARATE CLUB HERSINOIS<\/td>\n<\/tr>\n<\/tbody>\n<\/table>\n<p>[\/vc_column_text][vc_column_text]<\/p>\n<h4 style=\"text-align: center\">Cat\u00e9gorie Cadet -61kg (F)<\/h4>\n<p>[\/vc_column_text][vc_column_text]<\/p>\n<table width=\"635\">\n<tbody>\n<tr>\n<td width=\"26\">1<\/td>\n<td width=\"25\">&#8211;<\/td>\n<td width=\"150\">BIENAIME AMANDINE<\/td>\n<td width=\"201\">L&rsquo;EGIDE: ECOLE D&rsquo;ARTS MARTIAUX<\/td>\n<\/tr>\n<tr>\n<td>2<\/td>\n<td>&#8211;<\/td>\n<td>VALDURIEZ MAELYS<\/td>\n<td>SHOTOKAN KARATE CALAISIEN<\/td>\n<\/tr>\n<\/tbody>\n<\/table>\n<p>[\/vc_column_text][vc_column_text]<\/p>\n<h4 style=\"text-align: center\">Cat\u00e9gorie Cadet +61kg (F)<\/h4>\n<p>[\/vc_column_text][vc_column_text]<\/p>\n<table width=\"635\">\n<tbody>\n<tr>\n<td width=\"26\">1<\/td>\n<td width=\"25\">&#8211;<\/td>\n<td width=\"150\">DUFOSSE GWENDOLYNE<\/td>\n<td width=\"201\">L&rsquo;EGIDE: ECOLE D&rsquo;ARTS MARTIAUX<\/td>\n<\/tr>\n<\/tbody>\n<\/table>\n<p>[\/vc_column_text][vc_column_text]<\/p>\n<h4 style=\"text-align: center\">Cat\u00e9gorie Junior -53kg (F)<\/h4>\n<p>[\/vc_column_text][vc_column_text]<\/p>\n<table width=\"635\">\n<tbody>\n<tr>\n<td width=\"26\">1<\/td>\n<td width=\"25\">&#8211;<\/td>\n<td width=\"150\">PIERRON LAUREN<\/td>\n<td width=\"201\">L&rsquo;EGIDE: ECOLE D&rsquo;ARTS MARTIAUX<\/td>\n<\/tr>\n<\/tbody>\n<\/table>\n<p>[\/vc_column_text][vc_column_text]<\/p>\n<h4 style=\"text-align: center\">Cat\u00e9gorie Senior -61kg (F)<\/h4>\n<p>[\/vc_column_text][vc_column_text]<\/p>\n<table width=\"635\">\n<tbody>\n<tr>\n<td width=\"26\">1<\/td>\n<td width=\"25\">&#8211;<\/td>\n<td width=\"150\">ALLEMAND PERRINE<\/td>\n<td width=\"201\">SHOTOKAN KARATE CALAISIEN<\/td>\n<\/tr>\n<\/tbody>\n<\/table>\n<p>[\/vc_column_text][vc_column_text]<\/p>\n<h4 style=\"text-align: center\">Cat\u00e9gorie Senior -68kg (F)<\/h4>\n<p>[\/vc_column_text][vc_column_text]<\/p>\n<table width=\"635\">\n<tbody>\n<tr>\n<td width=\"26\">1<\/td>\n<td width=\"25\">&#8211;<\/td>\n<td width=\"150\">ERIPRET VICTORIA<\/td>\n<td width=\"201\">L&rsquo;EGIDE: ECOLE D&rsquo;ARTS MARTIAUX<\/td>\n<\/tr>\n<\/tbody>\n<\/table>\n<p>[\/vc_column_text][\/vc_tta_section][vc_tta_section title=\u00a0\u00bbKumite (M)\u00a0\u00bb tab_id=\u00a0\u00bb1736947364837-f34266ac-e139&Prime;][vc_column_text]<\/p>\n<h4 style=\"text-align: center\">Cat\u00e9gorie Minime -40kg (M)<\/h4>\n<p>[\/vc_column_text][vc_column_text]<\/p>\n<table width=\"635\">\n<tbody>\n<tr>\n<td width=\"26\">1<\/td>\n<td width=\"25\">&#8211;<\/td>\n<td width=\"150\">BOUHOUN EYAD<\/td>\n<td width=\"201\">KARATE CLUB DOURGEOIS<\/td>\n<\/tr>\n<tr>\n<td>2<\/td>\n<td>&#8211;<\/td>\n<td>LECAS MATHEO<\/td>\n<td>DOJO KARATE PERNES EN ARTOIS<\/td>\n<\/tr>\n<tr>\n<td>3<\/td>\n<td>&#8211;<\/td>\n<td>SACLEUX THEO<\/td>\n<td>DOJO KARATE PERNES EN ARTOIS<\/td>\n<\/tr>\n<\/tbody>\n<\/table>\n<p>[\/vc_column_text][vc_column_text]<\/p>\n<h4 style=\"text-align: center\">Cat\u00e9gorie Minime -45kg (M)<\/h4>\n<p>[\/vc_column_text][vc_column_text]<\/p>\n<table width=\"635\">\n<tbody>\n<tr>\n<td width=\"26\">1<\/td>\n<td width=\"25\">&#8211;<\/td>\n<td width=\"150\">BRABANT ZACCHARY<\/td>\n<td width=\"201\">KARATE CLUB DOURGEOIS<\/td>\n<\/tr>\n<\/tbody>\n<\/table>\n<p>[\/vc_column_text][vc_column_text]<\/p>\n<h4 style=\"text-align: center\">Cat\u00e9gorie Minime -50kg (M)<\/h4>\n<p>[\/vc_column_text][vc_column_text]<\/p>\n<table width=\"635\">\n<tbody>\n<tr>\n<td width=\"26\">1<\/td>\n<td width=\"25\">&#8211;<\/td>\n<td width=\"150\">SEBILLE THEO<\/td>\n<td width=\"201\">KARATE CLUB DOURGEOIS<\/td>\n<\/tr>\n<\/tbody>\n<\/table>\n<p>[\/vc_column_text][vc_column_text]<\/p>\n<h4 style=\"text-align: center\">Cat\u00e9gorie Minime -55kg (M)<\/h4>\n<p>[\/vc_column_text][vc_column_text]<\/p>\n<table width=\"635\">\n<tbody>\n<tr>\n<td width=\"26\">1<\/td>\n<td width=\"25\">&#8211;<\/td>\n<td width=\"150\">DIOUANI ILYES<\/td>\n<td width=\"201\">KARATE CLUB DOURGEOIS<\/td>\n<\/tr>\n<tr>\n<td>2<\/td>\n<td>&#8211;<\/td>\n<td>MIMOUNE YANIS<\/td>\n<td>KARATE CLUB DOURGEOIS<\/td>\n<\/tr>\n<\/tbody>\n<\/table>\n<p>[\/vc_column_text][vc_column_text]<\/p>\n<h4 style=\"text-align: center\">Cat\u00e9gorie Cadet -52kg (M)<\/h4>\n<p>[\/vc_column_text][vc_column_text]<\/p>\n<table width=\"635\">\n<tbody>\n<tr>\n<td width=\"26\">1<\/td>\n<td width=\"25\">&#8211;<\/td>\n<td width=\"150\">NORMAND REHAN<\/td>\n<td width=\"201\">KARATE CLUB HERSINOIS<\/td>\n<\/tr>\n<tr>\n<td>2<\/td>\n<td>&#8211;<\/td>\n<td>SAUVAGE LUCAS<\/td>\n<td>DOJO KMK KRAVMAGA MARQUISE KARATE<\/td>\n<\/tr>\n<\/tbody>\n<\/table>\n<p>[\/vc_column_text][vc_column_text]<\/p>\n<h4 style=\"text-align: center\">Cat\u00e9gorie Cadet -57kg (M)<\/h4>\n<p>[\/vc_column_text][vc_column_text]<\/p>\n<table width=\"635\">\n<tbody>\n<tr>\n<td width=\"26\">1<\/td>\n<td width=\"25\">&#8211;<\/td>\n<td width=\"150\">HOEZ MADHI<\/td>\n<td width=\"201\">KARATE CLUB ARRAGEOIS<\/td>\n<\/tr>\n<\/tbody>\n<\/table>\n<p>[\/vc_column_text][vc_column_text]<\/p>\n<h4 style=\"text-align: center\">Cat\u00e9gorie Cadet -63kg (M)<\/h4>\n<p>[\/vc_column_text][vc_column_text]<\/p>\n<table width=\"635\">\n<tbody>\n<tr>\n<td width=\"26\">1<\/td>\n<td width=\"25\">&#8211;<\/td>\n<td width=\"150\">KRADAOUI SEYLAN<\/td>\n<td width=\"201\">KARATE CLUB IMMERCURIEN<\/td>\n<\/tr>\n<tr>\n<td>2<\/td>\n<td>&#8211;<\/td>\n<td>GRUY RAPHAEL<\/td>\n<td>KARATE CLUB ARRAGEOIS<\/td>\n<\/tr>\n<tr>\n<td>3<\/td>\n<td>&#8211;<\/td>\n<td>JUSZCZAK GABIN<\/td>\n<td>RACING CLUB D ARRAS KARATE DO<\/td>\n<\/tr>\n<\/tbody>\n<\/table>\n<p>[\/vc_column_text][vc_column_text]<\/p>\n<h4 style=\"text-align: center\">Cat\u00e9gorie Cadet -70kg (M)<\/h4>\n<p>[\/vc_column_text][vc_column_text]<\/p>\n<table width=\"635\">\n<tbody>\n<tr>\n<td width=\"26\">1<\/td>\n<td width=\"25\">&#8211;<\/td>\n<td width=\"150\">CAULLET KILYAN<\/td>\n<td width=\"201\">KARATE CLUB DOURGEOIS<\/td>\n<\/tr>\n<\/tbody>\n<\/table>\n<p>[\/vc_column_text][vc_column_text]<\/p>\n<h4 style=\"text-align: center\">Cat\u00e9gorie Cadet +70kg (M)<\/h4>\n<p>[\/vc_column_text][vc_column_text]<\/p>\n<table width=\"635\">\n<tbody>\n<tr>\n<td width=\"26\">1<\/td>\n<td width=\"25\">&#8211;<\/td>\n<td width=\"150\">LECOINTE SAM<\/td>\n<td width=\"201\">DOJO KMK KRAVMAGA MARQUISE KARATE<\/td>\n<\/tr>\n<tr>\n<td>2<\/td>\n<td>&#8211;<\/td>\n<td>JAFAR MANHAB<\/td>\n<td>KARATE CLUB ARRAGEOIS<\/td>\n<\/tr>\n<\/tbody>\n<\/table>\n<p>[\/vc_column_text][vc_column_text]<\/p>\n<h4 style=\"text-align: center\">Cat\u00e9gorie Junior -55kg (M)<\/h4>\n<p>[\/vc_column_text][vc_column_text]<\/p>\n<table width=\"635\">\n<tbody>\n<tr>\n<td width=\"26\">1<\/td>\n<td width=\"25\">&#8211;<\/td>\n<td width=\"150\">LEGRAND MARTIN<\/td>\n<td width=\"201\">DOJO KMK KRAVMAGA MARQUISE KARATE<\/td>\n<\/tr>\n<\/tbody>\n<\/table>\n<p>[\/vc_column_text][vc_column_text]<\/p>\n<h4 style=\"text-align: center\">Cat\u00e9gorie Junior -61kg (M)<\/h4>\n<p>[\/vc_column_text][vc_column_text]<\/p>\n<table width=\"635\">\n<tbody>\n<tr>\n<td width=\"26\">1<\/td>\n<td width=\"25\">&#8211;<\/td>\n<td width=\"150\">SUSLOV SERGEI<\/td>\n<td width=\"201\">KARATE CLUB ARRAGEOIS<\/td>\n<\/tr>\n<\/tbody>\n<\/table>\n<p>[\/vc_column_text][vc_column_text]<\/p>\n<h4 style=\"text-align: center\">Cat\u00e9gorie Junior -76kg (M)<\/h4>\n<p>[\/vc_column_text][vc_column_text]<\/p>\n<table width=\"635\">\n<tbody>\n<tr>\n<td width=\"26\">1<\/td>\n<td width=\"25\">&#8211;<\/td>\n<td width=\"150\">AIGOUY ALRIC<\/td>\n<td width=\"201\">DOJO KMK KRAVMAGA MARQUISE KARATE<\/td>\n<\/tr>\n<\/tbody>\n<\/table>\n<p>[\/vc_column_text][vc_column_text]<\/p>\n<h4 style=\"text-align: center\">Cat\u00e9gorie Senior -84kg (M)<\/h4>\n<p>[\/vc_column_text][vc_column_text]<\/p>\n<h4 style=\"text-align: center\">Cat\u00e9gorie Senior -75kg (M)<\/h4>\n<p>[\/vc_column_text][vc_column_text]<\/p>\n<table width=\"635\">\n<tbody>\n<tr>\n<td width=\"26\">1<\/td>\n<td width=\"25\">&#8211;<\/td>\n<td width=\"150\">HONVAULT JOEY<\/td>\n<td width=\"201\">SHOTOKAN KARATE CALAISIEN<\/td>\n<\/tr>\n<tr>\n<td>2<\/td>\n<td>&#8211;<\/td>\n<td>SPINNATO RAFAEL<\/td>\n<td>KARATE CLUB ARRAGEOIS<\/td>\n<\/tr>\n<tr>\n<td>3<\/td>\n<td>&#8211;<\/td>\n<td>CARLINO VINCENT<\/td>\n<td>SHOTOKAN KARATE DO DE BAPAUME<\/td>\n<\/tr>\n<tr>\n<td>3<\/td>\n<td>&#8211;<\/td>\n<td>KLIMCZAK FRANCK<\/td>\n<td>KARATE CLUB ARRAGEOIS<\/td>\n<\/tr>\n<\/tbody>\n<\/table>\n<p>[\/vc_column_text][vc_column_text]<\/p>\n<table width=\"635\">\n<tbody>\n<tr>\n<td width=\"26\">1<\/td>\n<td width=\"25\">&#8211;<\/td>\n<td width=\"150\">LACHOUB MOHAMED<\/td>\n<td width=\"201\">KARATE CLUB DOURGEOIS<\/td>\n<\/tr>\n<tr>\n<td>2<\/td>\n<td>&#8211;<\/td>\n<td>MEBARKI THOMAS<\/td>\n<td>SHOTOKAN KARATE CALAISIEN<\/td>\n<\/tr>\n<tr>\n<td>3<\/td>\n<td>&#8211;<\/td>\n<td>HAMDOUNI MOUNIR<\/td>\n<td>KARATE CLUB DOURGEOIS<\/td>\n<\/tr>\n<tr>\n<td>3<\/td>\n<td>&#8211;<\/td>\n<td>HASSAIN NAJI<\/td>\n<td>KARATE CLUB HERSINOIS<\/td>\n<\/tr>\n<\/tbody>\n<\/table>\n<p>[\/vc_column_text][vc_column_text]<\/p>\n<h4 style=\"text-align: center\">Cat\u00e9gorie Senior +84kg (M)<\/h4>\n<p>[\/vc_column_text][vc_column_text]<\/p>\n<table width=\"635\">\n<tbody>\n<tr>\n<td width=\"26\">1<\/td>\n<td width=\"25\">&#8211;<\/td>\n<td width=\"150\">CATALA NELSON<\/td>\n<td width=\"201\">KARATE CLUB ARRAGEOIS<\/td>\n<\/tr>\n<\/tbody>\n<\/table>\n<p>[\/vc_column_text][\/vc_tta_section][\/vc_tta_tabs][\/vc_column][\/vc_row]<\/p>\n<\/div>","protected":false},"excerpt":{"rendered":"<p>[vc_row][vc_column][vc_column_text]Vous trouverez ci-dessous les r\u00e9sultats de toutes les cat\u00e9gories (kata et kumite) de la comp\u00e9tition du 17\/11\/2024, \u00e0 Lens.[\/vc_column_text][vc_column_text] Cat\u00e9gories PPB (Poussins, Pupilles et Benjamins) [\/vc_column_text][vc_tta_tabs][vc_tta_section title=\u00a0\u00bbKata (F)\u00a0\u00bb tab_id=\u00a0\u00bb1736942760217-0d635eed-fa8c\u00a0\u00bb][vc_row_inner][vc_column_inner][vc_column_text] Cat\u00e9gorie Poussin (F) [\/vc_column_text][vc_column_text] 1 &#8211; LIEPPE EMMA MERICOURT KARATE CLUB [\/vc_column_text][vc_column_text] Cat\u00e9gorie Pupille (F) [\/vc_column_text][vc_column_text] 1 &#8211; MATTEI NORA MERICOURT KARATE CLUB 2 &#8211; AYAD [&hellip;]<\/p>\n","protected":false},"author":234,"featured_media":0,"comment_status":"closed","ping_status":"closed","sticky":false,"template":"","format":"standard","meta":{"footnotes":""},"categories":[10,1],"tags":[],"class_list":["post-3795","post","type-post","status-publish","format-standard","hentry","category-competitions","category-non-classe"],"_links":{"self":[{"href":"https:\/\/sites.ffkarate.fr\/pasdecalais\/wp-json\/wp\/v2\/posts\/3795","targetHints":{"allow":["GET"]}}],"collection":[{"href":"https:\/\/sites.ffkarate.fr\/pasdecalais\/wp-json\/wp\/v2\/posts"}],"about":[{"href":"https:\/\/sites.ffkarate.fr\/pasdecalais\/wp-json\/wp\/v2\/types\/post"}],"author":[{"embeddable":true,"href":"https:\/\/sites.ffkarate.fr\/pasdecalais\/wp-json\/wp\/v2\/users\/234"}],"replies":[{"embeddable":true,"href":"https:\/\/sites.ffkarate.fr\/pasdecalais\/wp-json\/wp\/v2\/comments?post=3795"}],"version-history":[{"count":11,"href":"https:\/\/sites.ffkarate.fr\/pasdecalais\/wp-json\/wp\/v2\/posts\/3795\/revisions"}],"predecessor-version":[{"id":4059,"href":"https:\/\/sites.ffkarate.fr\/pasdecalais\/wp-json\/wp\/v2\/posts\/3795\/revisions\/4059"}],"wp:attachment":[{"href":"https:\/\/sites.ffkarate.fr\/pasdecalais\/wp-json\/wp\/v2\/media?parent=3795"}],"wp:term":[{"taxonomy":"category","embeddable":true,"href":"https:\/\/sites.ffkarate.fr\/pasdecalais\/wp-json\/wp\/v2\/categories?post=3795"},{"taxonomy":"post_tag","embeddable":true,"href":"https:\/\/sites.ffkarate.fr\/pasdecalais\/wp-json\/wp\/v2\/tags?post=3795"}],"curies":[{"name":"wp","href":"https:\/\/api.w.org\/{rel}","templated":true}]}}