{"id":3920,"date":"2025-02-07T19:15:28","date_gmt":"2025-02-07T18:15:28","guid":{"rendered":"https:\/\/sites.ffkarate.fr\/pasdecalais\/?p=3920"},"modified":"2025-02-14T13:52:06","modified_gmt":"2025-02-14T12:52:06","slug":"assemblee-generale-ordinaire","status":"publish","type":"post","link":"https:\/\/sites.ffkarate.fr\/pasdecalais\/2025\/02\/07\/assemblee-generale-ordinaire\/","title":{"rendered":"Assembl\u00e9e G\u00e9n\u00e9rale Ordinaire"},"content":{"rendered":"<div class=\"wpb-content-wrapper\"><p>[vc_row][vc_column][vc_column_text]<\/p>\n<div class=\"xdj266r x11i5rnm xat24cr x1mh8g0r x1vvkbs x126k92a\">\n<p dir=\"auto\"><span style=\"font-size: 16px\">Nous vous donnons rendez vous le <span style=\"text-decoration: underline\"><strong>28 Mars 2025<\/strong><\/span>, \u00e0 <span style=\"text-decoration: underline\"><strong>Marles-Les-Mines<\/strong><\/span>, pour l&rsquo;Assembl\u00e9e G\u00e9n\u00e9rale Ordinaire de notre Comit\u00e9 D\u00e9partemental de Karat\u00e9 et Disciplines Associ\u00e9es du Pas de Calais.<\/span><\/p>\n<p dir=\"auto\">\n<\/div>\n<p dir=\"auto\"><span style=\"text-decoration: underline\"><span style=\"color: #0000ff;text-decoration: underline\"><strong>Adresse<\/strong><\/span> <\/span>: <strong>H\u00f4tel de ville, Place Roger Salengro, 62540 Marles-les-Mines<\/strong><\/p>\n<div class=\"x11i5rnm xat24cr x1mh8g0r x1vvkbs xtlvy1s x126k92a\">\n<hr \/>\n<\/div>\n<div class=\"x11i5rnm xat24cr x1mh8g0r x1vvkbs xtlvy1s x126k92a\"><\/div>\n<div class=\"x11i5rnm xat24cr x1mh8g0r x1vvkbs xtlvy1s x126k92a\">\n<div dir=\"auto\"><\/div>\n<\/div>\n<p>[\/vc_column_text][vc_column_text]<\/p>\n<div class=\"x11i5rnm xat24cr x1mh8g0r x1vvkbs xtlvy1s x126k92a\">\n<h4 dir=\"auto\">Organisation :<\/h4>\n<\/div>\n<div class=\"x11i5rnm xat24cr x1mh8g0r x1vvkbs xtlvy1s x126k92a\">\n<p><span class=\"html-span xexx8yu x4uap5 x18d9i69 xkhd6sd x1hl2dhg x16tdsg8 x1vvkbs x3nfvp2 x1j61x8r x1fcty0u xdj266r xat24cr xgzva0m xhhsvwb xxymvpz xlup9mm x1kky2od\"><img decoding=\"async\" class=\"xz74otr\" src=\"https:\/\/static.xx.fbcdn.net\/images\/emoji.php\/v9\/tad\/1\/16\/1f511.png\" alt=\"\ud83d\udd11\" width=\"16\" height=\"16\" \/><\/span> <span style=\"color: #0000ff\">17h30<\/span> &#8211; Ouverture des portes<\/p>\n<\/div>\n<div class=\"x11i5rnm xat24cr x1mh8g0r x1vvkbs xtlvy1s x126k92a\">\n<div dir=\"auto\"><span class=\"html-span xexx8yu x4uap5 x18d9i69 xkhd6sd x1hl2dhg x16tdsg8 x1vvkbs x3nfvp2 x1j61x8r x1fcty0u xdj266r xat24cr xgzva0m xhhsvwb xxymvpz xlup9mm x1kky2od\"><img decoding=\"async\" class=\"xz74otr\" src=\"https:\/\/static.xx.fbcdn.net\/images\/emoji.php\/v9\/t2b\/1\/16\/1f4cb.png\" alt=\"\ud83d\udccb\" width=\"16\" height=\"16\" \/><\/span> <span style=\"color: #0000ff\">18h00<\/span> &#8211; Emargement<\/div>\n<div dir=\"auto\"><span class=\"html-span xexx8yu x4uap5 x18d9i69 xkhd6sd x1hl2dhg x16tdsg8 x1vvkbs x3nfvp2 x1j61x8r x1fcty0u xdj266r xat24cr xgzva0m xhhsvwb xxymvpz xlup9mm x1kky2od\"><img decoding=\"async\" class=\"xz74otr\" src=\"https:\/\/static.xx.fbcdn.net\/images\/emoji.php\/v9\/t33\/1\/16\/2705.png\" alt=\"\u2705\" width=\"16\" height=\"16\" \/><\/span> <span style=\"color: #0000ff\">18h30<\/span> &#8211; D\u00e9but de l&rsquo;Assembl\u00e9e G\u00e9n\u00e9rale<\/div>\n<\/div>\n<div dir=\"auto\"><\/div>\n<div dir=\"auto\">\n<div class=\"x11i5rnm xat24cr x1mh8g0r x1vvkbs xtlvy1s x126k92a\"><\/div>\n<\/div>\n<div dir=\"auto\">\n<div class=\"x11i5rnm xat24cr x1mh8g0r x1vvkbs xtlvy1s x126k92a\"><\/div>\n<\/div>\n<p>[\/vc_column_text][vc_column_text]<\/p>\n<div dir=\"auto\">\n<div class=\"x11i5rnm xat24cr x1mh8g0r x1vvkbs xtlvy1s x126k92a\">\n<div dir=\"auto\">Pour tous les repr\u00e9sentants de clubs : Nous vous attendons nombreux pour cet \u00e9v\u00e8nement.<\/div>\n<\/div>\n<\/div>\n<div dir=\"auto\"><\/div>\n<div class=\"x11i5rnm xat24cr x1mh8g0r x1vvkbs xtlvy1s x126k92a\">\n<div dir=\"auto\"><span class=\"html-span xexx8yu x4uap5 x18d9i69 xkhd6sd x1hl2dhg x16tdsg8 x1vvkbs x3nfvp2 x1j61x8r x1fcty0u xdj266r xat24cr xgzva0m xhhsvwb xxymvpz xlup9mm x1kky2od\"><img decoding=\"async\" class=\"xz74otr\" src=\"https:\/\/static.xx.fbcdn.net\/images\/emoji.php\/v9\/t77\/1\/16\/203c.png\" alt=\"\u203c\ufe0f\" width=\"16\" height=\"16\" \/><\/span> Pour rappel, l&rsquo;acc\u00e8s n&rsquo;est r\u00e9serv\u00e9 qu&rsquo;aux pr\u00e9sidents (ou repr\u00e9sentant avec procuration) des clubs.<\/div>\n<\/div>\n<div dir=\"auto\"><\/div>\n<div class=\"x11i5rnm xat24cr x1mh8g0r x1vvkbs xtlvy1s x126k92a\">\n<div dir=\"auto\">Le mandat de procuration est disponible ici : <span class=\"html-span xdj266r x11i5rnm xat24cr x1mh8g0r xexx8yu x4uap5 x18d9i69 xkhd6sd x1hl2dhg x16tdsg8 x1vvkbs\"><a class=\"x1i10hfl xjbqb8w x1ejq31n xd10rxx x1sy0etr x17r0tee x972fbf xcfux6l x1qhh985 xm0m39n x9f619 x1ypdohk xt0psk2 xe8uvvx xdj266r x11i5rnm xat24cr x1mh8g0r xexx8yu x4uap5 x18d9i69 xkhd6sd x16tdsg8 x1hl2dhg xggy1nq x1a2a7pz x1sur9pj xkrqix3 x1fey0fg x1s688f\" role=\"link\" href=\"https:\/\/sites.ffkarate.fr\/pasdecalais\/wp-content\/uploads\/sites\/83\/2025\/02\/Mandat-Assemblee-Generale.pdf?fbclid=IwZXh0bgNhZW0CMTAAAR1Uo4B1LI1px7OQ2HoukFEtuR55Zkp4cu1toq7-xqyiwcDW5Y_TPuzsXGY_aem_TVuN7BFpsQ86srlK5E8v7Q\" target=\"_blank\" rel=\"nofollow noopener noreferrer\">https:\/\/sites.ffkarate.fr\/&#8230;\/Mandat-Assemblee-Generale.pdf<\/a><\/span><\/div>\n<\/div>\n<div dir=\"auto\">\n<div class=\"x11i5rnm xat24cr x1mh8g0r x1vvkbs xtlvy1s x126k92a\"><\/div>\n<\/div>\n<div class=\"x11i5rnm xat24cr x1mh8g0r x1vvkbs xtlvy1s x126k92a\">\n<div dir=\"auto\"><\/div>\n<\/div>\n<p>[\/vc_column_text][vc_column_text]<\/p>\n<div dir=\"auto\">\n<div class=\"x11i5rnm xat24cr x1mh8g0r x1vvkbs xtlvy1s x126k92a\">\n<p>Sportivement,<\/p>\n<\/div>\n<\/div>\n<div dir=\"auto\"><\/div>\n<div class=\"x11i5rnm xat24cr x1mh8g0r x1vvkbs xtlvy1s x126k92a\">\n<div dir=\"auto\">Le CDKDA62.<\/div>\n<\/div>\n<p>[\/vc_column_text][\/vc_column][\/vc_row]<\/p>\n<\/div>","protected":false},"excerpt":{"rendered":"<p>[vc_row][vc_column][vc_column_text] Nous vous donnons rendez vous le 28 Mars 2025, \u00e0 Marles-Les-Mines, pour l&rsquo;Assembl\u00e9e G\u00e9n\u00e9rale Ordinaire de notre Comit\u00e9 D\u00e9partemental de Karat\u00e9 et Disciplines Associ\u00e9es du Pas de Calais. Adresse : H\u00f4tel de ville, Place Roger Salengro, 62540 Marles-les-Mines [\/vc_column_text][vc_column_text] Organisation : 17h30 &#8211; Ouverture des portes 18h00 &#8211; Emargement 18h30 &#8211; D\u00e9but de l&rsquo;Assembl\u00e9e [&hellip;]<\/p>\n","protected":false},"author":234,"featured_media":3936,"comment_status":"closed","ping_status":"closed","sticky":false,"template":"","format":"standard","meta":{"footnotes":""},"categories":[5,13],"tags":[],"class_list":["post-3920","post","type-post","status-publish","format-standard","hentry","category-actualites","category-institutionnel"],"_links":{"self":[{"href":"https:\/\/sites.ffkarate.fr\/pasdecalais\/wp-json\/wp\/v2\/posts\/3920","targetHints":{"allow":["GET"]}}],"collection":[{"href":"https:\/\/sites.ffkarate.fr\/pasdecalais\/wp-json\/wp\/v2\/posts"}],"about":[{"href":"https:\/\/sites.ffkarate.fr\/pasdecalais\/wp-json\/wp\/v2\/types\/post"}],"author":[{"embeddable":true,"href":"https:\/\/sites.ffkarate.fr\/pasdecalais\/wp-json\/wp\/v2\/users\/234"}],"replies":[{"embeddable":true,"href":"https:\/\/sites.ffkarate.fr\/pasdecalais\/wp-json\/wp\/v2\/comments?post=3920"}],"version-history":[{"count":10,"href":"https:\/\/sites.ffkarate.fr\/pasdecalais\/wp-json\/wp\/v2\/posts\/3920\/revisions"}],"predecessor-version":[{"id":3948,"href":"https:\/\/sites.ffkarate.fr\/pasdecalais\/wp-json\/wp\/v2\/posts\/3920\/revisions\/3948"}],"wp:featuredmedia":[{"embeddable":true,"href":"https:\/\/sites.ffkarate.fr\/pasdecalais\/wp-json\/wp\/v2\/media\/3936"}],"wp:attachment":[{"href":"https:\/\/sites.ffkarate.fr\/pasdecalais\/wp-json\/wp\/v2\/media?parent=3920"}],"wp:term":[{"taxonomy":"category","embeddable":true,"href":"https:\/\/sites.ffkarate.fr\/pasdecalais\/wp-json\/wp\/v2\/categories?post=3920"},{"taxonomy":"post_tag","embeddable":true,"href":"https:\/\/sites.ffkarate.fr\/pasdecalais\/wp-json\/wp\/v2\/tags?post=3920"}],"curies":[{"name":"wp","href":"https:\/\/api.w.org\/{rel}","templated":true}]}}