{"id":4490,"date":"2025-10-12T22:10:38","date_gmt":"2025-10-12T20:10:38","guid":{"rendered":"https:\/\/sites.ffkarate.fr\/pasdecalais\/?p=4490"},"modified":"2025-10-12T22:10:38","modified_gmt":"2025-10-12T20:10:38","slug":"%f0%9f%93%a3-reunion-dinformation-afa-daf-dif-dans-le-pas-de-calais","status":"publish","type":"post","link":"https:\/\/sites.ffkarate.fr\/pasdecalais\/2025\/10\/12\/%f0%9f%93%a3-reunion-dinformation-afa-daf-dif-dans-le-pas-de-calais\/","title":{"rendered":"\ud83d\udce3 R\u00e9union d\u2019information AFA \u2013 DAF \u2013 DIF dans le Pas-de-Calais"},"content":{"rendered":"<div class=\"wpb-content-wrapper\"><p>[vc_row][vc_column][vc_column_text]<\/p>\n<p data-olk-copy-source=\"MessageBody\">\ud83d\udce3\u00a0<strong>R\u00e9union d\u2019information AFA \u2013 DAF \u2013 DIF dans le Pas-de-Calais<\/strong><\/p>\n<p>Ce samedi matin s\u2019est tenue, \u00e0 Dourges, la r\u00e9union d\u2019information concernant les formations\u00a0<strong>AFA, DAF et DIF<\/strong>\u00a0propos\u00e9es par le\u00a0<strong>Comit\u00e9 D\u00e9partemental de Karat\u00e9 et Disciplines Associ\u00e9es du Pas-de-Calais (CDKDA 62)<\/strong>.<\/p>\n<p>Sous la direction de\u00a0<strong>Mehdi Mimoune<\/strong>,\u00a0<strong>Responsable D\u00e9partemental de la Formation<\/strong>, cette rencontre a r\u00e9uni une\u00a0<strong>vingtaine de candidats,<\/strong>venus des quatre coins du d\u00e9partement, pour\u00a0 \u00e9changer autour :<br \/>\n\u2705 des dossiers d\u2019inscription et des pr\u00e9requis n\u00e9cessaires,<br \/>\n\u2705 des participations f\u00e9d\u00e9rales \u00e0 pr\u00e9voir au cours de la saison,<br \/>\n\u2705\u00a0des contenus de formations d\u00e9taill\u00e9es dans le livret f\u00e9d\u00e9ral,<br \/>\n\u2705 ainsi que des informations pratiques li\u00e9es \u00e0 l\u2019organisation des formations.<\/p>\n<p>Un moment convivial offert par le CDKDA62 a permis \u00e0 chacun de faire plus ample connaissance \ud83d\udc4d\ud83c\udffc<\/p>\n<p>\ud83d\ude4f Le\u00a0<strong>CDKDA 62<\/strong>\u00a0adresse ses remerciements \u00e0 la\u00a0<strong>ville de Dourges<\/strong>\u00a0pour la mise \u00e0 disposition des locaux ayant accueilli cette r\u00e9union, ainsi que pour la mise \u00e0 disposition du\u00a0<strong>dojo<\/strong>\u00a0et de la\u00a0<strong>salle de formation<\/strong>\u00a0tout au long de la saison.<\/p>\n<p><i><u>NB :<\/u><\/i>\u00a0<i>La\u00a0<b>session<\/b>\u00a0<b>DIF<\/b>\u00a0est \u00e0 pr\u00e9sent\u00a0<b>compl\u00e8te<\/b>. Il est cependant toujours possible de s&rsquo;inscrire au DAF et \u00e0 l&rsquo;AFA.<\/i><\/p>\n<p>#Formation #AFA #DAF #DIF #CDKDA62 #PasdeCalais #Karat\u00e9 #Engagement #F\u00e9d\u00e9ration[\/vc_column_text][\/vc_column][\/vc_row][vc_row][vc_column][vc_single_image image=\u00a0\u00bb4491&Prime;][\/vc_column][\/vc_row]<\/p>\n<\/div>","protected":false},"excerpt":{"rendered":"<p>[vc_row][vc_column][vc_column_text] \ud83d\udce3\u00a0R\u00e9union d\u2019information AFA \u2013 DAF \u2013 DIF dans le Pas-de-Calais Ce samedi matin s\u2019est tenue, \u00e0 Dourges, la r\u00e9union d\u2019information concernant les formations\u00a0AFA, DAF et DIF\u00a0propos\u00e9es par le\u00a0Comit\u00e9 D\u00e9partemental de Karat\u00e9 et Disciplines Associ\u00e9es du Pas-de-Calais (CDKDA 62). Sous la direction de\u00a0Mehdi Mimoune,\u00a0Responsable D\u00e9partemental de la Formation, cette rencontre a r\u00e9uni une\u00a0vingtaine de candidats,venus [&hellip;]<\/p>\n","protected":false},"author":234,"featured_media":4491,"comment_status":"open","ping_status":"open","sticky":false,"template":"","format":"standard","meta":{"footnotes":""},"categories":[11],"tags":[],"class_list":["post-4490","post","type-post","status-publish","format-standard","hentry","category-formations"],"_links":{"self":[{"href":"https:\/\/sites.ffkarate.fr\/pasdecalais\/wp-json\/wp\/v2\/posts\/4490","targetHints":{"allow":["GET"]}}],"collection":[{"href":"https:\/\/sites.ffkarate.fr\/pasdecalais\/wp-json\/wp\/v2\/posts"}],"about":[{"href":"https:\/\/sites.ffkarate.fr\/pasdecalais\/wp-json\/wp\/v2\/types\/post"}],"author":[{"embeddable":true,"href":"https:\/\/sites.ffkarate.fr\/pasdecalais\/wp-json\/wp\/v2\/users\/234"}],"replies":[{"embeddable":true,"href":"https:\/\/sites.ffkarate.fr\/pasdecalais\/wp-json\/wp\/v2\/comments?post=4490"}],"version-history":[{"count":1,"href":"https:\/\/sites.ffkarate.fr\/pasdecalais\/wp-json\/wp\/v2\/posts\/4490\/revisions"}],"predecessor-version":[{"id":4492,"href":"https:\/\/sites.ffkarate.fr\/pasdecalais\/wp-json\/wp\/v2\/posts\/4490\/revisions\/4492"}],"wp:featuredmedia":[{"embeddable":true,"href":"https:\/\/sites.ffkarate.fr\/pasdecalais\/wp-json\/wp\/v2\/media\/4491"}],"wp:attachment":[{"href":"https:\/\/sites.ffkarate.fr\/pasdecalais\/wp-json\/wp\/v2\/media?parent=4490"}],"wp:term":[{"taxonomy":"category","embeddable":true,"href":"https:\/\/sites.ffkarate.fr\/pasdecalais\/wp-json\/wp\/v2\/categories?post=4490"},{"taxonomy":"post_tag","embeddable":true,"href":"https:\/\/sites.ffkarate.fr\/pasdecalais\/wp-json\/wp\/v2\/tags?post=4490"}],"curies":[{"name":"wp","href":"https:\/\/api.w.org\/{rel}","templated":true}]}}