{"id":4758,"date":"2026-02-03T07:16:00","date_gmt":"2026-02-03T06:16:00","guid":{"rendered":"https:\/\/sites.ffkarate.fr\/pasdecalais\/?p=4758"},"modified":"2026-02-03T07:16:00","modified_gmt":"2026-02-03T06:16:00","slug":"inscriptions-passage-de-grade-mars-2026","status":"publish","type":"post","link":"https:\/\/sites.ffkarate.fr\/pasdecalais\/2026\/02\/03\/inscriptions-passage-de-grade-mars-2026\/","title":{"rendered":"Inscriptions passage de grade &#8211; Mars 2026"},"content":{"rendered":"<div class=\"wpb-content-wrapper\"><p>[vc_row][vc_column][vc_column_text]<\/p>\n<div dir=\"auto\">Bonjour \u00e0 tous,<\/div>\n<div dir=\"auto\"><\/div>\n<div dir=\"auto\"><\/div>\n<div dir=\"auto\">Le second passage de grade de la saison arrive \u00e0 grand pas et aura lieu le <span style=\"color: #0000ff\"><strong>dimanche 8 mars<\/strong><\/span>.<\/div>\n<div dir=\"auto\"><\/div>\n<div dir=\"auto\"><\/div>\n<div dir=\"auto\">Attention, nous vous rappelons que la date limite d&rsquo;inscription pour cette seconde est session est le <span style=\"color: #0000ff\"><strong>8 f\u00e9vrier<\/strong><\/span>.<\/div>\n<div dir=\"auto\">La d\u00e9marche s&rsquo;effectue, comme d&rsquo;habitude, sur SIKADA.<\/div>\n<div dir=\"auto\"><\/div>\n<div dir=\"auto\"><\/div>\n<div dir=\"auto\">Nous restons \u00e0 votre disposition si vous avez des questions.<\/div>\n<div dir=\"auto\"><\/div>\n<div dir=\"auto\">Sportivement,<\/div>\n<div dir=\"auto\"><\/div>\n<div dir=\"auto\">Le CDKDA62.<\/div>\n<div dir=\"auto\"><\/div>\n<p>[\/vc_column_text][\/vc_column][\/vc_row]<\/p>\n<\/div>","protected":false},"excerpt":{"rendered":"<p>[vc_row][vc_column][vc_column_text] Bonjour \u00e0 tous, Le second passage de grade de la saison arrive \u00e0 grand pas et aura lieu le dimanche 8 mars. Attention, nous vous rappelons que la date limite d&rsquo;inscription pour cette seconde est session est le 8 f\u00e9vrier. La d\u00e9marche s&rsquo;effectue, comme d&rsquo;habitude, sur SIKADA. Nous restons \u00e0 votre disposition si vous [&hellip;]<\/p>\n","protected":false},"author":234,"featured_media":4669,"comment_status":"open","ping_status":"open","sticky":false,"template":"","format":"standard","meta":{"footnotes":""},"categories":[1,12],"tags":[],"class_list":["post-4758","post","type-post","status-publish","format-standard","hentry","category-non-classe","category-grades"],"_links":{"self":[{"href":"https:\/\/sites.ffkarate.fr\/pasdecalais\/wp-json\/wp\/v2\/posts\/4758","targetHints":{"allow":["GET"]}}],"collection":[{"href":"https:\/\/sites.ffkarate.fr\/pasdecalais\/wp-json\/wp\/v2\/posts"}],"about":[{"href":"https:\/\/sites.ffkarate.fr\/pasdecalais\/wp-json\/wp\/v2\/types\/post"}],"author":[{"embeddable":true,"href":"https:\/\/sites.ffkarate.fr\/pasdecalais\/wp-json\/wp\/v2\/users\/234"}],"replies":[{"embeddable":true,"href":"https:\/\/sites.ffkarate.fr\/pasdecalais\/wp-json\/wp\/v2\/comments?post=4758"}],"version-history":[{"count":2,"href":"https:\/\/sites.ffkarate.fr\/pasdecalais\/wp-json\/wp\/v2\/posts\/4758\/revisions"}],"predecessor-version":[{"id":4760,"href":"https:\/\/sites.ffkarate.fr\/pasdecalais\/wp-json\/wp\/v2\/posts\/4758\/revisions\/4760"}],"wp:featuredmedia":[{"embeddable":true,"href":"https:\/\/sites.ffkarate.fr\/pasdecalais\/wp-json\/wp\/v2\/media\/4669"}],"wp:attachment":[{"href":"https:\/\/sites.ffkarate.fr\/pasdecalais\/wp-json\/wp\/v2\/media?parent=4758"}],"wp:term":[{"taxonomy":"category","embeddable":true,"href":"https:\/\/sites.ffkarate.fr\/pasdecalais\/wp-json\/wp\/v2\/categories?post=4758"},{"taxonomy":"post_tag","embeddable":true,"href":"https:\/\/sites.ffkarate.fr\/pasdecalais\/wp-json\/wp\/v2\/tags?post=4758"}],"curies":[{"name":"wp","href":"https:\/\/api.w.org\/{rel}","templated":true}]}}