{"id":10596,"date":"2026-04-28T15:46:00","date_gmt":"2026-04-28T13:46:00","guid":{"rendered":"https:\/\/sites.ffkarate.fr\/paysdelaloire\/?p=10596"},"modified":"2026-04-28T15:46:00","modified_gmt":"2026-04-28T13:46:00","slug":"excellence-et-engagement-deux-nouveaux-arbitres-nationaux-pour-la-ligue","status":"publish","type":"post","link":"https:\/\/sites.ffkarate.fr\/paysdelaloire\/2026\/04\/28\/excellence-et-engagement-deux-nouveaux-arbitres-nationaux-pour-la-ligue\/","title":{"rendered":"Excellence et engagement : deux nouveaux Arbitres Nationaux pour la Ligue"},"content":{"rendered":"<div class=\"wpb-content-wrapper\"><p>[vc_row][vc_column][vc_column_text]<\/p>\n<div dir=\"auto\">\u00c0 l\u2019occasion des Championnats de France Kumit\u00e9 Cadets \u00e0 Saint-Michel-sur-Orge, la Ligue des Pays de la Loire voit deux de ses officiels franchir une \u00e9tape importante dans leur parcours.<\/div>\n<p>&nbsp;<\/p>\n<ul>\n<li dir=\"auto\"><strong>Yahya AOKACH<\/strong> <strong>(Loire-Atlantique)<\/strong> et <strong>Ossama KHARBOU (Sarthe)<\/strong> ont brillamment r\u00e9ussi l\u2019examen d\u2019<strong>Arbitre National Kumit\u00e9 A.<\/strong><\/li>\n<\/ul>\n<div dir=\"auto\"><\/div>\n<div dir=\"auto\"><\/div>\n<div dir=\"auto\">Une r\u00e9ussite qui vient saluer leur travail, leur assiduit\u00e9 et leur engagement au service du karat\u00e9.<\/div>\n<div dir=\"auto\"><\/div>\n<h2 dir=\"auto\"><\/h2>\n<h2 dir=\"auto\">Un parcours construit dans la dur\u00e9e<\/h2>\n<div dir=\"auto\">Derri\u00e8re cette r\u00e9ussite, il y a un chemin.<\/div>\n<div dir=\"auto\">Un chemin qui d\u00e9bute dans les clubs, au plus pr\u00e8s des pratiquants.<\/div>\n<div dir=\"auto\"><\/div>\n<div dir=\"auto\"><\/div>\n<div dir=\"auto\">Un chemin rendu possible gr\u00e2ce \u00e0 :<\/div>\n<div dir=\"auto\">&#8211; l\u2019implication des enseignants,<\/div>\n<div dir=\"auto\">&#8211; le travail de formation et de d\u00e9tection des responsables d\u2019arbitrage d\u00e9partementaux,<\/div>\n<div dir=\"auto\">&#8211; l\u2019accompagnement structurant de l\u2019\u00e9quipe r\u00e9gionale.<\/div>\n<div dir=\"auto\"><\/div>\n<div dir=\"auto\"><\/div>\n<div dir=\"auto\">C\u2019est toute une dynamique de formation continue, de la ceinture blanche jusqu\u2019au plus haut niveau, qui s\u2019exprime aujourd\u2019hui.<\/div>\n<div dir=\"auto\"><\/div>\n<div dir=\"auto\"><\/div>\n<div dir=\"auto\">Clin d\u2019\u0153il \u00e9galement aux clubs formateurs, d\u2019ici et d\u2019ailleurs, qui participent \u00e0 ces parcours, notamment en Bretagne pour l\u2019un et au Maroc pour l\u2019autre.<\/div>\n<h2 dir=\"auto\"><\/h2>\n<h2 dir=\"auto\">Le sens de l\u2019engagement<\/h2>\n<div dir=\"auto\">S\u2019engager dans l\u2019arbitrage, c\u2019est faire le choix du don de soi et du don aux autres.<\/div>\n<div dir=\"auto\">C\u2019est faire vivre les valeurs du code moral : respect, int\u00e9grit\u00e9, courage, humilit\u00e9.<\/div>\n<div dir=\"auto\"><\/div>\n<div dir=\"auto\"><\/div>\n<div dir=\"auto\">Et rappelons-le simplement : sans arbitre, il n\u2019y a pas de comp\u00e9tition.<\/div>\n<div dir=\"auto\"><\/div>\n<h2 dir=\"auto\"><\/h2>\n<h2 dir=\"auto\">Une r\u00e9ussite collective<\/h2>\n<div dir=\"auto\">Cette r\u00e9ussite est le fruit d\u2019un travail collectif.<\/div>\n<div dir=\"auto\"><\/div>\n<div dir=\"auto\"><\/div>\n<div dir=\"auto\">Merci \u00e0 l\u2019ensemble des acteurs qui \u0153uvrent au quotidien : aux clubs formateurs, aux enseignants, aux responsables d\u2019arbitrage d\u00e9partementaux,<\/div>\n<div dir=\"auto\">\u00e0 l\u2019encadrement r\u00e9gional.<\/div>\n<div dir=\"auto\"><\/div>\n<div dir=\"auto\">\n<div dir=\"auto\"><\/div>\n<div dir=\"auto\">F\u00e9licitations \u00e0 Yahya et Ossama pour cette \u00e9tape importante.<\/div>\n<div dir=\"auto\">Le travail continue.<\/div>\n<div dir=\"auto\"><\/div>\n<div dir=\"auto\"><strong>Passion \u2022 Engagement \u2022 Transmission<\/strong><\/div>\n<div dir=\"auto\"><strong>Ligue des Pays de la Loire de Karat\u00e9 et Disciplines Associ\u00e9es<\/strong><\/div>\n<\/div>\n<p>[\/vc_column_text][\/vc_column][\/vc_row]<\/p>\n<\/div>","protected":false},"excerpt":{"rendered":"<p>[vc_row][vc_column][vc_column_text] \u00c0 l\u2019occasion des Championnats de France Kumit\u00e9 Cadets \u00e0 Saint-Michel-sur-Orge, la Ligue des Pays de la Loire voit deux de ses officiels franchir une \u00e9tape importante dans leur parcours. &nbsp; Yahya AOKACH (Loire-Atlantique) et Ossama KHARBOU (Sarthe) ont brillamment r\u00e9ussi l\u2019examen d\u2019Arbitre National Kumit\u00e9 A. Une r\u00e9ussite qui vient saluer leur travail, leur assiduit\u00e9 [&hellip;]<\/p>\n","protected":false},"author":231,"featured_media":10597,"comment_status":"open","ping_status":"open","sticky":false,"template":"","format":"standard","meta":{"footnotes":""},"categories":[5,8,1],"tags":[],"class_list":["post-10596","post","type-post","status-publish","format-standard","hentry","category-actualites","category-arbitrage","category-non-classe"],"_links":{"self":[{"href":"https:\/\/sites.ffkarate.fr\/paysdelaloire\/wp-json\/wp\/v2\/posts\/10596","targetHints":{"allow":["GET"]}}],"collection":[{"href":"https:\/\/sites.ffkarate.fr\/paysdelaloire\/wp-json\/wp\/v2\/posts"}],"about":[{"href":"https:\/\/sites.ffkarate.fr\/paysdelaloire\/wp-json\/wp\/v2\/types\/post"}],"author":[{"embeddable":true,"href":"https:\/\/sites.ffkarate.fr\/paysdelaloire\/wp-json\/wp\/v2\/users\/231"}],"replies":[{"embeddable":true,"href":"https:\/\/sites.ffkarate.fr\/paysdelaloire\/wp-json\/wp\/v2\/comments?post=10596"}],"version-history":[{"count":7,"href":"https:\/\/sites.ffkarate.fr\/paysdelaloire\/wp-json\/wp\/v2\/posts\/10596\/revisions"}],"predecessor-version":[{"id":10604,"href":"https:\/\/sites.ffkarate.fr\/paysdelaloire\/wp-json\/wp\/v2\/posts\/10596\/revisions\/10604"}],"wp:featuredmedia":[{"embeddable":true,"href":"https:\/\/sites.ffkarate.fr\/paysdelaloire\/wp-json\/wp\/v2\/media\/10597"}],"wp:attachment":[{"href":"https:\/\/sites.ffkarate.fr\/paysdelaloire\/wp-json\/wp\/v2\/media?parent=10596"}],"wp:term":[{"taxonomy":"category","embeddable":true,"href":"https:\/\/sites.ffkarate.fr\/paysdelaloire\/wp-json\/wp\/v2\/categories?post=10596"},{"taxonomy":"post_tag","embeddable":true,"href":"https:\/\/sites.ffkarate.fr\/paysdelaloire\/wp-json\/wp\/v2\/tags?post=10596"}],"curies":[{"name":"wp","href":"https:\/\/api.w.org\/{rel}","templated":true}]}}