{"id":4906,"date":"2019-02-11T12:52:07","date_gmt":"2019-02-11T11:52:07","guid":{"rendered":"https:\/\/sites.ffkarate.fr\/paysdelaloire\/?post_type=news&amp;p=4906"},"modified":"2019-02-11T12:52:07","modified_gmt":"2019-02-11T11:52:07","slug":"deces-dalcino-alves-pires","status":"publish","type":"post","link":"https:\/\/sites.ffkarate.fr\/paysdelaloire\/2019\/02\/11\/deces-dalcino-alves-pires\/","title":{"rendered":"D\u00e9c\u00e8s d&rsquo;Alcino Alves Pires"},"content":{"rendered":"<div class=\"wpb-content-wrapper\"><p>[vc_row][vc_column][vc_column_text]<a href=\"https:\/\/sites.ffkarate.fr\/paysdelaloire\/wp-content\/uploads\/sites\/120\/2019\/02\/ALVES-PIRES_ALCINO-768x768-1.jpg\"><img decoding=\"async\" class=\" size-medium wp-image-4907 alignright\" src=\"https:\/\/sites.ffkarate.fr\/paysdelaloire\/wp-content\/uploads\/sites\/120\/2019\/02\/ALVES-PIRES_ALCINO-768x768-1-300x300.jpg\" alt=\"ALVES-PIRES_ALCINO-768x768\" width=\"300\" height=\"300\" \/><\/a>Le secr\u00e9taire g\u00e9n\u00e9ral de la FFKarat\u00e9, Alcino Alves Pires, est d\u00e9c\u00e9d\u00e9 ce samedi \u00e0 l&rsquo;\u00e2ge de 74 ans.<\/p>\n<p><strong>Franck Valenti, pr\u00e9sident de la Ligue R\u00e9gionale des Pays de la Loire, les \u00e9lus, le comit\u00e9 directeur et l&rsquo;ensemble des licenci\u00e9s de notre Ligue <\/strong>pr\u00e9sentent leurs plus sinc\u00e8res condol\u00e9ances \u00e0 la Famille et aux proches de ce grand Monsieur du Karat\u00e9 Fran\u00e7ais.<\/p>\n<p><a href=\"http:\/\/www.ffkarate.fr\/actualites\/deces-dalcino-alves-pires\/\" target=\"_blank\" rel=\"noopener\">La f\u00e9d\u00e9ration a \u00e9crit un mot pour lui <\/a><\/p>\n<p>&nbsp;[\/vc_column_text][\/vc_column][\/vc_row]<\/p>\n<\/div>","protected":false},"excerpt":{"rendered":"<p>[vc_row][vc_column][vc_column_text]Le secr\u00e9taire g\u00e9n\u00e9ral de la FFKarat\u00e9, Alcino Alves Pires, est d\u00e9c\u00e9d\u00e9 ce samedi \u00e0 l&rsquo;\u00e2ge de 74 ans. Franck Valenti, pr\u00e9sident de la Ligue R\u00e9gionale des Pays de la Loire, les \u00e9lus, le comit\u00e9 directeur et l&rsquo;ensemble des licenci\u00e9s de notre Ligue pr\u00e9sentent leurs plus sinc\u00e8res condol\u00e9ances \u00e0 la Famille et aux proches de ce [&hellip;]<\/p>\n","protected":false},"author":132,"featured_media":4907,"comment_status":"closed","ping_status":"closed","sticky":false,"template":"","format":"standard","meta":{"footnotes":""},"categories":[1],"tags":[],"class_list":["post-4906","post","type-post","status-publish","format-standard","hentry","category-non-classe"],"_links":{"self":[{"href":"https:\/\/sites.ffkarate.fr\/paysdelaloire\/wp-json\/wp\/v2\/posts\/4906","targetHints":{"allow":["GET"]}}],"collection":[{"href":"https:\/\/sites.ffkarate.fr\/paysdelaloire\/wp-json\/wp\/v2\/posts"}],"about":[{"href":"https:\/\/sites.ffkarate.fr\/paysdelaloire\/wp-json\/wp\/v2\/types\/post"}],"author":[{"embeddable":true,"href":"https:\/\/sites.ffkarate.fr\/paysdelaloire\/wp-json\/wp\/v2\/users\/132"}],"replies":[{"embeddable":true,"href":"https:\/\/sites.ffkarate.fr\/paysdelaloire\/wp-json\/wp\/v2\/comments?post=4906"}],"version-history":[{"count":0,"href":"https:\/\/sites.ffkarate.fr\/paysdelaloire\/wp-json\/wp\/v2\/posts\/4906\/revisions"}],"wp:featuredmedia":[{"embeddable":true,"href":"https:\/\/sites.ffkarate.fr\/paysdelaloire\/wp-json\/wp\/v2\/media\/4907"}],"wp:attachment":[{"href":"https:\/\/sites.ffkarate.fr\/paysdelaloire\/wp-json\/wp\/v2\/media?parent=4906"}],"wp:term":[{"taxonomy":"category","embeddable":true,"href":"https:\/\/sites.ffkarate.fr\/paysdelaloire\/wp-json\/wp\/v2\/categories?post=4906"},{"taxonomy":"post_tag","embeddable":true,"href":"https:\/\/sites.ffkarate.fr\/paysdelaloire\/wp-json\/wp\/v2\/tags?post=4906"}],"curies":[{"name":"wp","href":"https:\/\/api.w.org\/{rel}","templated":true}]}}