{"id":5416,"date":"2019-06-07T15:03:44","date_gmt":"2019-06-07T13:03:44","guid":{"rendered":"https:\/\/sites.ffkarate.fr\/paysdelaloire\/?post_type=news&amp;p=5416"},"modified":"2019-06-07T15:03:44","modified_gmt":"2019-06-07T13:03:44","slug":"4-nouveaux-professeurs-de-body-karate","status":"publish","type":"post","link":"https:\/\/sites.ffkarate.fr\/paysdelaloire\/2019\/06\/07\/4-nouveaux-professeurs-de-body-karate\/","title":{"rendered":"4 nouveaux professeurs de Body Karat\u00e9"},"content":{"rendered":"<div class=\"wpb-content-wrapper\"><p>[vc_row][vc_column][vc_column_text]<a href=\"https:\/\/sites.ffkarate.fr\/paysdelaloire\/wp-content\/uploads\/sites\/120\/2019\/06\/IMG_0184.jpg\"><img decoding=\"async\" class=\"alignleft size-full wp-image-5417\" src=\"https:\/\/sites.ffkarate.fr\/paysdelaloire\/wp-content\/uploads\/sites\/120\/2019\/06\/IMG_0184.jpg\" alt=\"IMG_0184\" width=\"1440\" height=\"1080\" \/><\/a><\/p>\n<p>D\u00e9couvrez la photo du stage body karat\u00e9 qui a valid\u00e9 4 nouveaux professeurs de Body Karat\u00e9<\/p>\n<p>Cette journ\u00e9e a eu lieu au Vend\u00e9e Space le dimanche 2 juin dernier. Bravo \u00e0 tous. 100% de r\u00e9ussite.<\/p>\n<p>Les Dipl\u00f4mes seront remis la saison prochaine et une nouvelle formation DEBK sera en place durant la saison 2019\/2020 comme pour le DIF.<\/p>\n<p><strong>A noter l&rsquo;ouverture des inscriptions 2019-2020 : octobre 2019\u00a0<\/strong>[\/vc_column_text][\/vc_column][\/vc_row]<\/p>\n<\/div>","protected":false},"excerpt":{"rendered":"<p>[vc_row][vc_column][vc_column_text] D\u00e9couvrez la photo du stage body karat\u00e9 qui a valid\u00e9 4 nouveaux professeurs de Body Karat\u00e9 Cette journ\u00e9e a eu lieu au Vend\u00e9e Space le dimanche 2 juin dernier. Bravo \u00e0 tous. 100% de r\u00e9ussite. Les Dipl\u00f4mes seront remis la saison prochaine et une nouvelle formation DEBK sera en place durant la saison 2019\/2020 [&hellip;]<\/p>\n","protected":false},"author":132,"featured_media":5417,"comment_status":"closed","ping_status":"closed","sticky":false,"template":"","format":"standard","meta":{"footnotes":""},"categories":[1],"tags":[],"class_list":["post-5416","post","type-post","status-publish","format-standard","hentry","category-non-classe"],"_links":{"self":[{"href":"https:\/\/sites.ffkarate.fr\/paysdelaloire\/wp-json\/wp\/v2\/posts\/5416","targetHints":{"allow":["GET"]}}],"collection":[{"href":"https:\/\/sites.ffkarate.fr\/paysdelaloire\/wp-json\/wp\/v2\/posts"}],"about":[{"href":"https:\/\/sites.ffkarate.fr\/paysdelaloire\/wp-json\/wp\/v2\/types\/post"}],"author":[{"embeddable":true,"href":"https:\/\/sites.ffkarate.fr\/paysdelaloire\/wp-json\/wp\/v2\/users\/132"}],"replies":[{"embeddable":true,"href":"https:\/\/sites.ffkarate.fr\/paysdelaloire\/wp-json\/wp\/v2\/comments?post=5416"}],"version-history":[{"count":0,"href":"https:\/\/sites.ffkarate.fr\/paysdelaloire\/wp-json\/wp\/v2\/posts\/5416\/revisions"}],"wp:featuredmedia":[{"embeddable":true,"href":"https:\/\/sites.ffkarate.fr\/paysdelaloire\/wp-json\/wp\/v2\/media\/5417"}],"wp:attachment":[{"href":"https:\/\/sites.ffkarate.fr\/paysdelaloire\/wp-json\/wp\/v2\/media?parent=5416"}],"wp:term":[{"taxonomy":"category","embeddable":true,"href":"https:\/\/sites.ffkarate.fr\/paysdelaloire\/wp-json\/wp\/v2\/categories?post=5416"},{"taxonomy":"post_tag","embeddable":true,"href":"https:\/\/sites.ffkarate.fr\/paysdelaloire\/wp-json\/wp\/v2\/tags?post=5416"}],"curies":[{"name":"wp","href":"https:\/\/api.w.org\/{rel}","templated":true}]}}