{"id":5418,"date":"2019-06-11T15:29:47","date_gmt":"2019-06-11T13:29:47","guid":{"rendered":"https:\/\/sites.ffkarate.fr\/paysdelaloire\/?post_type=news&amp;p=5418"},"modified":"2019-06-11T15:29:47","modified_gmt":"2019-06-11T13:29:47","slug":"championnat-de-france-para-karate","status":"publish","type":"post","link":"https:\/\/sites.ffkarate.fr\/paysdelaloire\/2019\/06\/11\/championnat-de-france-para-karate\/","title":{"rendered":"Championnat de France Para Karat\u00e9"},"content":{"rendered":"<div class=\"wpb-content-wrapper\"><p>[vc_row][vc_column][vc_column_text]A Paris au stade Pierre de Coubertin, le championnat de France para Karat\u00e9 a eu lieu.<\/p>\n<p>Voici les r\u00e9sultats du dimanche 9 juin 2019<\/p>\n<ul>\n<li><strong>YOANN DUDOGNON- CHAMPION DE FRANCE <\/strong>&#8211; HANDICAP MOTEUR DEBOUT<\/li>\n<li><strong>VERONIQUE DEBRAY &#8211; VICE CHAMPIONNE DE FRANCE<\/strong> &#8211; HANDICAP MENTAL DEBOUT<\/li>\n<li><strong>THOMAS JACQUINEAU &#8211; 3\u00e8me &#8211;\u00a0<\/strong> HANDICAP MENTAL DEBOUT<\/li>\n<\/ul>\n<p>et 1ere participation de VINCENT COSTE qui termine 8\u00e8me sur 15 partipants.<\/p>\n<p>La ligue r\u00e9gionale f\u00e9licite ces athl\u00e8tes pour ces beaux r\u00e9sultats.<\/p>\n<div id=\"attachment_5426\" style=\"width: 650px\" class=\"wp-caption alignleft\"><a href=\"https:\/\/sites.ffkarate.fr\/paysdelaloire\/wp-content\/uploads\/sites\/120\/2019\/06\/PHILIPPE-HAMONIC-ET-SES-MEDAILLES-.jpg\"><img decoding=\"async\" aria-describedby=\"caption-attachment-5426\" class=\"wp-image-5426 size-large\" src=\"https:\/\/sites.ffkarate.fr\/paysdelaloire\/wp-content\/uploads\/sites\/120\/2019\/06\/PHILIPPE-HAMONIC-ET-SES-MEDAILLES--1024x768.jpg\" alt=\"PHILIPPE HAMONIC ET SES MEDAILLES\" width=\"640\" height=\"480\" \/><\/a><p id=\"caption-attachment-5426\" class=\"wp-caption-text\">PHILIPPE HAMONIC ET SES MEDAILLES<\/p><\/div>\n<div id=\"attachment_5419\" style=\"width: 650px\" class=\"wp-caption alignleft\"><a href=\"https:\/\/sites.ffkarate.fr\/paysdelaloire\/wp-content\/uploads\/sites\/120\/2019\/06\/PODIUM-PARA-2019-gauche-a-droite-yoann-dudognon-veronique-debray-thomas-jacquineau.jpg\"><img decoding=\"async\" aria-describedby=\"caption-attachment-5419\" class=\"wp-image-5419 size-large\" src=\"https:\/\/sites.ffkarate.fr\/paysdelaloire\/wp-content\/uploads\/sites\/120\/2019\/06\/PODIUM-PARA-2019-gauche-a-droite-yoann-dudognon-veronique-debray-thomas-jacquineau-1024x768.jpg\" alt=\"PODIUM PARA 2019 gauche \u00e0 droite yoann dudognon v\u00e9ronique debray thomas jacquineau\" width=\"640\" height=\"480\" \/><\/a><p id=\"caption-attachment-5419\" class=\"wp-caption-text\">PODIUM PARA 2019 gauche \u00e0 droite yoann dudognon v\u00e9ronique debray thomas jacquineau<\/p><\/div>\n<div id=\"attachment_5420\" style=\"width: 650px\" class=\"wp-caption alignleft\"><a href=\"https:\/\/sites.ffkarate.fr\/paysdelaloire\/wp-content\/uploads\/sites\/120\/2019\/06\/THOMAS-JACQUINEAU-3EME-CHAMPIONNAT-DE-FRANCE-PARA-KARATE-2019.jpg\"><img decoding=\"async\" aria-describedby=\"caption-attachment-5420\" class=\"wp-image-5420 size-large\" src=\"https:\/\/sites.ffkarate.fr\/paysdelaloire\/wp-content\/uploads\/sites\/120\/2019\/06\/THOMAS-JACQUINEAU-3EME-CHAMPIONNAT-DE-FRANCE-PARA-KARATE-2019-1024x768.jpg\" alt=\"THOMAS JACQUINEAU 3EME CHAMPIONNAT DE FRANCE PARA KARATE 2019\" width=\"640\" height=\"480\" \/><\/a><p id=\"caption-attachment-5420\" class=\"wp-caption-text\">THOMAS JACQUINEAU 3EME CHAMPIONNAT DE FRANCE PARA KARATE 2019<\/p><\/div>\n<div id=\"attachment_5421\" style=\"width: 650px\" class=\"wp-caption alignleft\"><a href=\"https:\/\/sites.ffkarate.fr\/paysdelaloire\/wp-content\/uploads\/sites\/120\/2019\/06\/VERONIQUE-DEBRAY-VICE-CHAMPIONNE-DE-FRANCE-PARA-KARATE-2019.jpg\"><img decoding=\"async\" aria-describedby=\"caption-attachment-5421\" class=\"wp-image-5421 size-large\" src=\"https:\/\/sites.ffkarate.fr\/paysdelaloire\/wp-content\/uploads\/sites\/120\/2019\/06\/VERONIQUE-DEBRAY-VICE-CHAMPIONNE-DE-FRANCE-PARA-KARATE-2019-1024x768.jpg\" alt=\"VERONIQUE DEBRAY VICE CHAMPIONNE DE FRANCE PARA KARATE 2019\" width=\"640\" height=\"480\" \/><\/a><p id=\"caption-attachment-5421\" class=\"wp-caption-text\">VERONIQUE DEBRAY VICE CHAMPIONNE DE FRANCE PARA KARATE 2019<\/p><\/div>\n<div id=\"attachment_5422\" style=\"width: 650px\" class=\"wp-caption alignleft\"><a href=\"https:\/\/sites.ffkarate.fr\/paysdelaloire\/wp-content\/uploads\/sites\/120\/2019\/06\/YOANN-DUDOGNON-CHAMPION-DE-FRANCE-PARA-KARATE-2019.jpg\"><img decoding=\"async\" aria-describedby=\"caption-attachment-5422\" class=\"wp-image-5422 size-large\" src=\"https:\/\/sites.ffkarate.fr\/paysdelaloire\/wp-content\/uploads\/sites\/120\/2019\/06\/YOANN-DUDOGNON-CHAMPION-DE-FRANCE-PARA-KARATE-2019-1024x768.jpg\" alt=\"YOANN DUDOGNON CHAMPION DE FRANCE PARA KARATE 2019\" width=\"640\" height=\"480\" \/><\/a><p id=\"caption-attachment-5422\" class=\"wp-caption-text\">YOANN DUDOGNON CHAMPION DE FRANCE PARA KARATE 2019<\/p><\/div>\n<div id=\"attachment_5423\" style=\"width: 650px\" class=\"wp-caption alignleft\"><a href=\"https:\/\/sites.ffkarate.fr\/paysdelaloire\/wp-content\/uploads\/sites\/120\/2019\/06\/ALI-RECHDAOUI-et-son-eleve-VERONIQUE-DEBRAY-VICE-CHAMPIONNE-DE-FRANCE-2019-PARA-KARATE.jpg\"><img decoding=\"async\" aria-describedby=\"caption-attachment-5423\" class=\"wp-image-5423 size-large\" src=\"https:\/\/sites.ffkarate.fr\/paysdelaloire\/wp-content\/uploads\/sites\/120\/2019\/06\/ALI-RECHDAOUI-et-son-eleve-VERONIQUE-DEBRAY-VICE-CHAMPIONNE-DE-FRANCE-2019-PARA-KARATE-1024x768.jpg\" alt=\"ALI RECHDAOUI et son \u00e9l\u00e8ve VERONIQUE DEBRAY VICE CHAMPIONNE DE FRANCE 2019 PARA KARATE\" width=\"640\" height=\"480\" \/><\/a><p id=\"caption-attachment-5423\" class=\"wp-caption-text\">ALI RECHDAOUI et son \u00e9l\u00e8ve VERONIQUE DEBRAY VICE CHAMPIONNE DE FRANCE 2019 PARA KARATE<\/p><\/div>\n<div id=\"attachment_5424\" style=\"width: 650px\" class=\"wp-caption alignleft\"><a href=\"https:\/\/sites.ffkarate.fr\/paysdelaloire\/wp-content\/uploads\/sites\/120\/2019\/06\/LES-MEDAILLeS-PARA-KARATE-2019-.jpg\"><img decoding=\"async\" aria-describedby=\"caption-attachment-5424\" class=\"wp-image-5424 size-large\" src=\"https:\/\/sites.ffkarate.fr\/paysdelaloire\/wp-content\/uploads\/sites\/120\/2019\/06\/LES-MEDAILLeS-PARA-KARATE-2019--1024x768.jpg\" alt=\"LES MEDAILL\u00e9S PARA KARATE 2019\" width=\"640\" height=\"480\" \/><\/a><p id=\"caption-attachment-5424\" class=\"wp-caption-text\">LES MEDAILLES PARA KARATE 2019<\/p><\/div>\n<div id=\"attachment_5425\" style=\"width: 650px\" class=\"wp-caption alignleft\"><a href=\"https:\/\/sites.ffkarate.fr\/paysdelaloire\/wp-content\/uploads\/sites\/120\/2019\/06\/LES-REPRESENTANTS-DE-LA-LIGUE-REGIOANLE-PAYS-DE-LA-LOIRE.jpg\"><img decoding=\"async\" aria-describedby=\"caption-attachment-5425\" class=\"wp-image-5425 size-large\" src=\"https:\/\/sites.ffkarate.fr\/paysdelaloire\/wp-content\/uploads\/sites\/120\/2019\/06\/LES-REPRESENTANTS-DE-LA-LIGUE-REGIOANLE-PAYS-DE-LA-LOIRE-1024x768.jpg\" alt=\"LES REPRESENTANTS DE LA LIGUE REGIOANLE PAYS DE LA LOIRE\" width=\"640\" height=\"480\" \/><\/a><p id=\"caption-attachment-5425\" class=\"wp-caption-text\">LES REPRESENTANTS DE LA LIGUE REGIOANLE PAYS DE LA LOIRE<\/p><\/div>[\/vc_column_text][\/vc_column][\/vc_row]<\/p>\n<\/div>","protected":false},"excerpt":{"rendered":"<p>[vc_row][vc_column][vc_column_text]A Paris au stade Pierre de Coubertin, le championnat de France para Karat\u00e9 a eu lieu. Voici les r\u00e9sultats du dimanche 9 juin 2019 YOANN DUDOGNON- CHAMPION DE FRANCE &#8211; HANDICAP MOTEUR DEBOUT VERONIQUE DEBRAY &#8211; VICE CHAMPIONNE DE FRANCE &#8211; HANDICAP MENTAL DEBOUT THOMAS JACQUINEAU &#8211; 3\u00e8me &#8211;\u00a0 HANDICAP MENTAL DEBOUT et 1ere participation [&hellip;]<\/p>\n","protected":false},"author":132,"featured_media":5424,"comment_status":"closed","ping_status":"closed","sticky":false,"template":"","format":"standard","meta":{"footnotes":""},"categories":[1],"tags":[],"class_list":["post-5418","post","type-post","status-publish","format-standard","hentry","category-non-classe"],"_links":{"self":[{"href":"https:\/\/sites.ffkarate.fr\/paysdelaloire\/wp-json\/wp\/v2\/posts\/5418","targetHints":{"allow":["GET"]}}],"collection":[{"href":"https:\/\/sites.ffkarate.fr\/paysdelaloire\/wp-json\/wp\/v2\/posts"}],"about":[{"href":"https:\/\/sites.ffkarate.fr\/paysdelaloire\/wp-json\/wp\/v2\/types\/post"}],"author":[{"embeddable":true,"href":"https:\/\/sites.ffkarate.fr\/paysdelaloire\/wp-json\/wp\/v2\/users\/132"}],"replies":[{"embeddable":true,"href":"https:\/\/sites.ffkarate.fr\/paysdelaloire\/wp-json\/wp\/v2\/comments?post=5418"}],"version-history":[{"count":0,"href":"https:\/\/sites.ffkarate.fr\/paysdelaloire\/wp-json\/wp\/v2\/posts\/5418\/revisions"}],"wp:featuredmedia":[{"embeddable":true,"href":"https:\/\/sites.ffkarate.fr\/paysdelaloire\/wp-json\/wp\/v2\/media\/5424"}],"wp:attachment":[{"href":"https:\/\/sites.ffkarate.fr\/paysdelaloire\/wp-json\/wp\/v2\/media?parent=5418"}],"wp:term":[{"taxonomy":"category","embeddable":true,"href":"https:\/\/sites.ffkarate.fr\/paysdelaloire\/wp-json\/wp\/v2\/categories?post=5418"},{"taxonomy":"post_tag","embeddable":true,"href":"https:\/\/sites.ffkarate.fr\/paysdelaloire\/wp-json\/wp\/v2\/tags?post=5418"}],"curies":[{"name":"wp","href":"https:\/\/api.w.org\/{rel}","templated":true}]}}